{"id":899,"date":"2023-12-05T13:26:16","date_gmt":"2023-12-05T16:26:16","guid":{"rendered":"https:\/\/www.noticiasmas.com.ar\/?p=899"},"modified":"2023-12-05T13:26:17","modified_gmt":"2023-12-05T16:26:17","slug":"elijo-creer-la-pelicula-del-mundial-llega-a-todas-las-salas-del-pais","status":"publish","type":"post","link":"https:\/\/www.noticiasmas.com.ar\/index.php\/2023\/12\/05\/elijo-creer-la-pelicula-del-mundial-llega-a-todas-las-salas-del-pais\/","title":{"rendered":"&#8220;Elijo Creer&#8221; la pel\u00edcula del mundial, llega a todas las salas del pa\u00eds"},"content":{"rendered":"\n<p>La pel\u00edcula documental argentina &#8220;Elijo Creer&#8221;, producida por Gonzalo Arias, escrita por Mart\u00edn M\u00e9ndez y narrada por el reconocido actor Ricardo Dar\u00edn, es un viaje imperdible hacia los entresijos de uno de los hitos m\u00e1s destacados en la historia deportiva argentina.<\/p>\n\n\n\n<p>Con una proyecci\u00f3n en m\u00e1s de 300 salas de cine a lo largo del pa\u00eds, esta pel\u00edcula ofrece una oportunidad \u00fanica para adentrarse en la intimidad del equipo durante uno de los mayores logros deportivos de los \u00faltimos tiempos.<\/p>\n\n\n\n<p>&#8220;Elijo Creer&#8221; no solo presenta valioso material de archivo futbol\u00edstico, sino que tambi\u00e9n ofrece entrevistas exclusivas con el cuerpo t\u00e9cnico y las figuras clave del equipo que hicieron posible esta consagraci\u00f3n. Los jugadores comparten sus sue\u00f1os, ilusiones y reviven cada jugada crucial, detallando los momentos m\u00e1s importantes, rememorando los detalles detr\u00e1s de sus goles y compartiendo las emociones que siguieron a una victoria celebrada en cada rinc\u00f3n del territorio argentino.<\/p>\n\n\n\n<p>Esta pel\u00edcula promete sumergir al p\u00fablico en una experiencia emocionante y reveladora, ofreciendo una mirada \u00fanica detr\u00e1s de escena de un logro deportivo que quedar\u00e1 grabado en la historia del pa\u00eds.<\/p>\n","protected":false},"excerpt":{"rendered":"<p>La pel\u00edcula documental argentina &#8220;Elijo Creer&#8221;, producida por Gonzalo Arias, escrita por Mart\u00edn M\u00e9ndez y narrada por el reconocido actor Ricardo Dar\u00edn, es un viaje imperdible hacia los entresijos de uno de los hitos m\u00e1s destacados en la historia deportiva argentina. Con una proyecci\u00f3n en m\u00e1s de 300 salas de cine a lo largo del [&hellip;]<\/p>\n","protected":false},"author":3,"featured_media":900,"comment_status":"closed","ping_status":"open","sticky":false,"template":"","format":"standard","meta":{"tdm_status":"","tdm_grid_status":"","footnotes":""},"categories":[4],"tags":[267,269,268],"class_list":{"0":"post-899","1":"post","2":"type-post","3":"status-publish","4":"format-standard","5":"has-post-thumbnail","7":"category-culturayespectaculos","8":"tag-estreno","9":"tag-mundial","10":"tag-seleccion-nacional"},"_links":{"self":[{"href":"https:\/\/www.noticiasmas.com.ar\/index.php\/wp-json\/wp\/v2\/posts\/899","targetHints":{"allow":["GET"]}}],"collection":[{"href":"https:\/\/www.noticiasmas.com.ar\/index.php\/wp-json\/wp\/v2\/posts"}],"about":[{"href":"https:\/\/www.noticiasmas.com.ar\/index.php\/wp-json\/wp\/v2\/types\/post"}],"author":[{"embeddable":true,"href":"https:\/\/www.noticiasmas.com.ar\/index.php\/wp-json\/wp\/v2\/users\/3"}],"replies":[{"embeddable":true,"href":"https:\/\/www.noticiasmas.com.ar\/index.php\/wp-json\/wp\/v2\/comments?post=899"}],"version-history":[{"count":2,"href":"https:\/\/www.noticiasmas.com.ar\/index.php\/wp-json\/wp\/v2\/posts\/899\/revisions"}],"predecessor-version":[{"id":902,"href":"https:\/\/www.noticiasmas.com.ar\/index.php\/wp-json\/wp\/v2\/posts\/899\/revisions\/902"}],"wp:featuredmedia":[{"embeddable":true,"href":"https:\/\/www.noticiasmas.com.ar\/index.php\/wp-json\/wp\/v2\/media\/900"}],"wp:attachment":[{"href":"https:\/\/www.noticiasmas.com.ar\/index.php\/wp-json\/wp\/v2\/media?parent=899"}],"wp:term":[{"taxonomy":"category","embeddable":true,"href":"https:\/\/www.noticiasmas.com.ar\/index.php\/wp-json\/wp\/v2\/categories?post=899"},{"taxonomy":"post_tag","embeddable":true,"href":"https:\/\/www.noticiasmas.com.ar\/index.php\/wp-json\/wp\/v2\/tags?post=899"}],"curies":[{"name":"wp","href":"https:\/\/api.w.org\/{rel}","templated":true}]}}