{"id":9081,"date":"2024-08-30T19:05:31","date_gmt":"2024-08-30T22:05:31","guid":{"rendered":"https:\/\/www.noticiasmas.com.ar\/?p=9081"},"modified":"2024-08-30T19:05:34","modified_gmt":"2024-08-30T22:05:34","slug":"una-reforma-previsional-innecesaria-que-golpea-a-los-trabajadores","status":"publish","type":"post","link":"https:\/\/www.noticiasmas.com.ar\/index.php\/2024\/08\/30\/una-reforma-previsional-innecesaria-que-golpea-a-los-trabajadores\/","title":{"rendered":"UNA REFORMA PREVISIONAL INNECESARIA QUE GOLPEA A LOS TRABAJADORES"},"content":{"rendered":"\n<p>Con este t\u00edtulo el Partido Justicialista de Santa Fe sali\u00f3 a sentar su postura sobre el Mensaje N\u00ba 5115 del 28 de agosto de 2024, que el Poder Ejecutivo Santafesino envi\u00f3 a la Legislatura a fin de darle tratamiento y posterior debate, con el fin de llevar adelante la tan anunciada Reforma Previsional en la provincia.<\/p>\n\n\n\n<p>La primera es la declaraci\u00f3n de la emergencia en materia previsional. Con respecto a esta propuesta debemos ser claros y contundentes: la declaraci\u00f3n de emergencia requiere una situaci\u00f3n de car\u00e1cter excepcional que ponga en serio riesgo la continuidad del sistema, el cumplimiento efectivo de las obligaciones estatales y un contexto que requiera medidas extraordinarias.<\/p>\n\n\n\n<p>Ninguna de estas condiciones est\u00e1 presente en la situaci\u00f3n actual. El mejor ejemplo es la presentaci\u00f3n oficial de los n\u00fameros consolidados de las finanzas provinciales durante el primer semestre de 2024, equivalentes a un resultado positivo de 160.311 millones de pesos para la Provincia de Santa Fe.<\/p>\n\n\n\n<p>Asimismo, se puede afirmar que la Caja de Jubilaciones de la Provincia tiene n\u00fameros razonables referidos tanto a la cantidad de jubilados y pensionados como al n\u00famero de aportantes. Esto da cuenta que la gesti\u00f3n a trav\u00e9s de las diferentes administraciones ha sido racional y equilibrada. El mayor inconveniente que encuentra este organismo previsional es la falta de cumplimiento del Gobierno nacional para con los recursos que debe aportar de acuerdo a los estipulado en el traspaso de las cajas previsionales provinciales al Estado Nacional. El Gobernador elige meterle la mano en el bolsillo a trabajadores activos y pasivos en lugar de reclamar al Gobierno Nacional los recursos que le corresponden a nuestra provincia por Ley.<\/p>\n\n\n\n<p>Recorriendo cada art\u00edculo de este Mensaje subyace la clara intenci\u00f3n de un gobierno que solo toca los n\u00fameros en perjuicio de los trabajadores activos y pasivos. No hay \u00edndice, porcentaje, al\u00edcuota o cantidad de a\u00f1os de aportes que los beneficie. Todo lo contrario, son la mayor variable de ajuste.<\/p>\n\n\n\n<p>Este es un proyecto que lesiona fuertemente los derechos de los trabajadores como aquellas f\u00f3rmulas, que comienza con una declaraci\u00f3n de emergencia previsional y establece \u00abaportes solidarios\u00bb que no s\u00f3lo impactar\u00e1n sobre los activos, sino que avanza con un fuerte recorte sobre los magros ingresos de jubiladas y jubilados.<\/p>\n\n\n\n<p>Se pretende modificar la movilidad, el c\u00e1lculo del haber y el derecho a pensi\u00f3n y se ataca el r\u00e9gimen opcional docente decretando el fin del 82%. Si este proyecto avanza con la aprobaci\u00f3n de estos flagrantes cambios, las y los trabajadores y jubilados que ver\u00e1n afectada gravemente sus condiciones de vida y lesionados derechos fundamentales.<\/p>\n\n\n\n<p>Otro aspecto preocupante del mensaje lo constituye la delegaci\u00f3n de facultades legislativas previstas en su art\u00edculo 49, donde el Poder Ejecutivo Provincial pretende atribuirse la facultad para incrementar las edades para acceder a los beneficios jubilatorios, en caso de que tal medida sea dispuesta por el Gobierno Nacional sin pasar por la Legislatura Provincial.<\/p>\n\n\n\n<p>Necesitamos un Gobierno Provincial que demuestre audacia y firmeza para reclamar a la Naci\u00f3n los fondos que nos deben a los Santafesinos. Ahora, pretender colocar como variable de ajuste a los trabajadores y jubilados es un acto de total injusticia que denota cobard\u00eda y falta de creatividad.<\/p>\n","protected":false},"excerpt":{"rendered":"<p>Con este t\u00edtulo el Partido Justicialista de Santa Fe sali\u00f3 a sentar su postura sobre el Mensaje N\u00ba 5115 del 28 de agosto de 2024, que el Poder Ejecutivo Santafesino envi\u00f3 a la Legislatura a fin de darle tratamiento y posterior debate, con el fin de llevar adelante la tan anunciada Reforma Previsional en la [&hellip;]<\/p>\n","protected":false},"author":5,"featured_media":9082,"comment_status":"closed","ping_status":"open","sticky":false,"template":"","format":"standard","meta":{"tdm_status":"","tdm_grid_status":"","footnotes":""},"categories":[14],"tags":[1287,2959,18],"class_list":{"0":"post-9081","1":"post","2":"type-post","3":"status-publish","4":"format-standard","5":"has-post-thumbnail","7":"category-provinciales","8":"tag-partido-justicialista","9":"tag-reforma-previsional","10":"tag-santa-fe"},"_links":{"self":[{"href":"https:\/\/www.noticiasmas.com.ar\/index.php\/wp-json\/wp\/v2\/posts\/9081","targetHints":{"allow":["GET"]}}],"collection":[{"href":"https:\/\/www.noticiasmas.com.ar\/index.php\/wp-json\/wp\/v2\/posts"}],"about":[{"href":"https:\/\/www.noticiasmas.com.ar\/index.php\/wp-json\/wp\/v2\/types\/post"}],"author":[{"embeddable":true,"href":"https:\/\/www.noticiasmas.com.ar\/index.php\/wp-json\/wp\/v2\/users\/5"}],"replies":[{"embeddable":true,"href":"https:\/\/www.noticiasmas.com.ar\/index.php\/wp-json\/wp\/v2\/comments?post=9081"}],"version-history":[{"count":1,"href":"https:\/\/www.noticiasmas.com.ar\/index.php\/wp-json\/wp\/v2\/posts\/9081\/revisions"}],"predecessor-version":[{"id":9083,"href":"https:\/\/www.noticiasmas.com.ar\/index.php\/wp-json\/wp\/v2\/posts\/9081\/revisions\/9083"}],"wp:featuredmedia":[{"embeddable":true,"href":"https:\/\/www.noticiasmas.com.ar\/index.php\/wp-json\/wp\/v2\/media\/9082"}],"wp:attachment":[{"href":"https:\/\/www.noticiasmas.com.ar\/index.php\/wp-json\/wp\/v2\/media?parent=9081"}],"wp:term":[{"taxonomy":"category","embeddable":true,"href":"https:\/\/www.noticiasmas.com.ar\/index.php\/wp-json\/wp\/v2\/categories?post=9081"},{"taxonomy":"post_tag","embeddable":true,"href":"https:\/\/www.noticiasmas.com.ar\/index.php\/wp-json\/wp\/v2\/tags?post=9081"}],"curies":[{"name":"wp","href":"https:\/\/api.w.org\/{rel}","templated":true}]}}