{"id":9186,"date":"2024-09-03T17:47:14","date_gmt":"2024-09-03T20:47:14","guid":{"rendered":"https:\/\/www.noticiasmas.com.ar\/?p=9186"},"modified":"2024-09-03T17:47:16","modified_gmt":"2024-09-03T20:47:16","slug":"cordoba-detuvieron-a-un-hombre-tras-los-incendios-en-7000-hectareas-de-la-zona-de-calamuchita","status":"publish","type":"post","link":"https:\/\/www.noticiasmas.com.ar\/index.php\/2024\/09\/03\/cordoba-detuvieron-a-un-hombre-tras-los-incendios-en-7000-hectareas-de-la-zona-de-calamuchita\/","title":{"rendered":"C\u00f3rdoba: Detuvieron a un hombre tras los incendios en 7000 hectareas de la zona de Calamuchita"},"content":{"rendered":"\n<p>Un hombre qued\u00f3 detenido luego de ser se\u00f1alado como presunto autor del inicio del fuego que en las \u00faltimas 28 horas consumi\u00f3 vegetaci\u00f3n en unas 7000 hect\u00e1reas de la zona del valle de Calamuchita, en la provincia de C\u00f3rdoba.<\/p>\n\n\n\n<p>El Ministerio P\u00fablico Fiscal cordob\u00e9s inform\u00f3 la detenci\u00f3n de un hombre, residente de la zona, quien habr\u00eda iniciado el fuego de forma intencional. La car\u00e1tula de la imputaci\u00f3n es \u201cincendio culposo agravado\u201d.<\/p>\n\n\n\n<p>Las localidades de Yacanto y El Durazno fueron las que sufrieron con mayor vehemencia las intensas llamas, que se fueron multiplicando con la sequedad del ambiente y las r\u00e1fagas de viento que este lunes alcanzaron los 70 kil\u00f3metros por hora.<\/p>\n\n\n\n<p>La zona de las altas cumbres y sus adyacencias son proclives al fuego producto del ecosistema propio de las sierras, por lo que cualquier tipo de incendio peque\u00f1o puede tener graves consecuencias.<\/p>\n\n\n\n<p>En tanto, los focos \u00edgneos no dan tregua y en las \u00faltimas horas\u00a0las autoridades debieron evacuar un barrio privado por el avance del fuego sin control, que ya afect\u00f3 a casi siete mil hect\u00e1reas.<\/p>\n\n\n\n<p>De acuerdo a lo informado por los brigadistas, en estos momentos trabajaban alrededor de&nbsp;<strong>200 bomberos y todav\u00eda hab\u00eda tres focos activos que, por los fuertes vientos, est\u00e1n lejos de apagarse.<\/strong><\/p>\n\n\n\n<p>En esta l\u00ednea, detallaron que las llamas ya alcanzaron las viviendas en Villa Yacanto y El Durazno, y en las \u00faltimas horas un barrio privado tambi\u00e9n fue evacuado.<\/p>\n\n\n\n<p>El gobierno de C\u00f3rdoba inform\u00f3 que\u00a0&#8220;en las zonas afectadas est\u00e1n desplegados cuarteles de bomberos, personal del ETAC y del Plan Provincial de Manejo del Fuego&#8221;.<\/p>\n\n\n\n<p>Aunque las autoridades est\u00e1n alertas por el avance del fuego, indicaron que, gracias al trabajo de los bomberos, &#8220;se logr\u00f3 contener los focos que el lunes se hab\u00edan desatado en Cosqu\u00edn y Malague\u00f1o&#8221;.<\/p>\n\n\n\n<p>&#8220;Ambos se encuentran con muy poca actividad, con per\u00edmetros inestables y bajo guardia de cenizas&#8221;, se\u00f1alaron.<\/p>\n\n\n\n<p>Al mismo tiempo, confirmaron que por el momento no hay que lamentar heridos ni v\u00edctimas fatales, pero s\u00ed mostraron preocupaci\u00f3n por los animales que habitan en la zona. &nbsp;<\/p>\n","protected":false},"excerpt":{"rendered":"<p>Un hombre qued\u00f3 detenido luego de ser se\u00f1alado como presunto autor del inicio del fuego que en las \u00faltimas 28 horas consumi\u00f3 vegetaci\u00f3n en unas 7000 hect\u00e1reas de la zona del valle de Calamuchita, en la provincia de C\u00f3rdoba. El Ministerio P\u00fablico Fiscal cordob\u00e9s inform\u00f3 la detenci\u00f3n de un hombre, residente de la zona, quien [&hellip;]<\/p>\n","protected":false},"author":9,"featured_media":9187,"comment_status":"closed","ping_status":"open","sticky":false,"template":"","format":"standard","meta":{"tdm_status":"","tdm_grid_status":"","footnotes":""},"categories":[1],"tags":[976,1572,172,3005],"class_list":{"0":"post-9186","1":"post","2":"type-post","3":"status-publish","4":"format-standard","5":"has-post-thumbnail","7":"category-nacionales","8":"tag-cordoba","9":"tag-incendios-forestales","10":"tag-policiales","11":"tag-yacanto"},"_links":{"self":[{"href":"https:\/\/www.noticiasmas.com.ar\/index.php\/wp-json\/wp\/v2\/posts\/9186","targetHints":{"allow":["GET"]}}],"collection":[{"href":"https:\/\/www.noticiasmas.com.ar\/index.php\/wp-json\/wp\/v2\/posts"}],"about":[{"href":"https:\/\/www.noticiasmas.com.ar\/index.php\/wp-json\/wp\/v2\/types\/post"}],"author":[{"embeddable":true,"href":"https:\/\/www.noticiasmas.com.ar\/index.php\/wp-json\/wp\/v2\/users\/9"}],"replies":[{"embeddable":true,"href":"https:\/\/www.noticiasmas.com.ar\/index.php\/wp-json\/wp\/v2\/comments?post=9186"}],"version-history":[{"count":1,"href":"https:\/\/www.noticiasmas.com.ar\/index.php\/wp-json\/wp\/v2\/posts\/9186\/revisions"}],"predecessor-version":[{"id":9188,"href":"https:\/\/www.noticiasmas.com.ar\/index.php\/wp-json\/wp\/v2\/posts\/9186\/revisions\/9188"}],"wp:featuredmedia":[{"embeddable":true,"href":"https:\/\/www.noticiasmas.com.ar\/index.php\/wp-json\/wp\/v2\/media\/9187"}],"wp:attachment":[{"href":"https:\/\/www.noticiasmas.com.ar\/index.php\/wp-json\/wp\/v2\/media?parent=9186"}],"wp:term":[{"taxonomy":"category","embeddable":true,"href":"https:\/\/www.noticiasmas.com.ar\/index.php\/wp-json\/wp\/v2\/categories?post=9186"},{"taxonomy":"post_tag","embeddable":true,"href":"https:\/\/www.noticiasmas.com.ar\/index.php\/wp-json\/wp\/v2\/tags?post=9186"}],"curies":[{"name":"wp","href":"https:\/\/api.w.org\/{rel}","templated":true}]}}