{"id":9237,"date":"2024-09-05T12:26:30","date_gmt":"2024-09-05T15:26:30","guid":{"rendered":"https:\/\/www.noticiasmas.com.ar\/?p=9237"},"modified":"2024-09-05T12:26:33","modified_gmt":"2024-09-05T15:26:33","slug":"las-categorias-agrupadas-federadas-seran-televisadas-por-el-canal-publico-de-santa-fe","status":"publish","type":"post","link":"https:\/\/www.noticiasmas.com.ar\/index.php\/2024\/09\/05\/las-categorias-agrupadas-federadas-seran-televisadas-por-el-canal-publico-de-santa-fe\/","title":{"rendered":"Las Categor\u00edas Agrupadas Federadas ser\u00e1n televisadas por el canal p\u00fablico de Santa Fe"},"content":{"rendered":"\n<p>La s\u00e9ptima fecha del a\u00f1o de las Categor\u00edas Agrupadas Federadas en el aut\u00f3dromo Juan Manuel Fangio de Rosario contar\u00e1n con televisaci\u00f3n exclusiva de Radio Televisi\u00f3n Santafesina (RTS), se\u00f1al p\u00fablica de la provincia de Santa Fe.<\/p>\n\n\n\n<p>Uno de los circuitos de categor\u00edas interzonal m\u00e1s importante del pa\u00eds tendr\u00e1, por primera vez, televisaci\u00f3n en directo de su jornada de competencia el pr\u00f3ximo domingo 8 de septiembre.<\/p>\n\n\n\n<figure class=\"wp-block-image size-large\"><img loading=\"lazy\" decoding=\"async\" width=\"1024\" height=\"682\" src=\"https:\/\/www.noticiasmas.com.ar\/wp-content\/uploads\/2024\/09\/Pelotones-en-accion-en-el-Parque-de-la-Velocidad-categoriasagrupadasfederadas-monomarcafiat-tc4000delsur-taclase2-ta1600-@aylin.mergen-1024x682.jpg\" alt=\"\" class=\"wp-image-9238\" srcset=\"https:\/\/www.noticiasmas.com.ar\/wp-content\/uploads\/2024\/09\/Pelotones-en-accion-en-el-Parque-de-la-Velocidad-categoriasagrupadasfederadas-monomarcafiat-tc4000delsur-taclase2-ta1600-@aylin.mergen-1024x682.jpg 1024w, https:\/\/www.noticiasmas.com.ar\/wp-content\/uploads\/2024\/09\/Pelotones-en-accion-en-el-Parque-de-la-Velocidad-categoriasagrupadasfederadas-monomarcafiat-tc4000delsur-taclase2-ta1600-@aylin.mergen-300x200.jpg 300w, https:\/\/www.noticiasmas.com.ar\/wp-content\/uploads\/2024\/09\/Pelotones-en-accion-en-el-Parque-de-la-Velocidad-categoriasagrupadasfederadas-monomarcafiat-tc4000delsur-taclase2-ta1600-@aylin.mergen-768x511.jpg 768w, https:\/\/www.noticiasmas.com.ar\/wp-content\/uploads\/2024\/09\/Pelotones-en-accion-en-el-Parque-de-la-Velocidad-categoriasagrupadasfederadas-monomarcafiat-tc4000delsur-taclase2-ta1600-@aylin.mergen-150x100.jpg 150w, https:\/\/www.noticiasmas.com.ar\/wp-content\/uploads\/2024\/09\/Pelotones-en-accion-en-el-Parque-de-la-Velocidad-categoriasagrupadasfederadas-monomarcafiat-tc4000delsur-taclase2-ta1600-@aylin.mergen-696x463.jpg 696w, https:\/\/www.noticiasmas.com.ar\/wp-content\/uploads\/2024\/09\/Pelotones-en-accion-en-el-Parque-de-la-Velocidad-categoriasagrupadasfederadas-monomarcafiat-tc4000delsur-taclase2-ta1600-@aylin.mergen-1068x711.jpg 1068w, https:\/\/www.noticiasmas.com.ar\/wp-content\/uploads\/2024\/09\/Pelotones-en-accion-en-el-Parque-de-la-Velocidad-categoriasagrupadasfederadas-monomarcafiat-tc4000delsur-taclase2-ta1600-@aylin.mergen.jpg 1080w\" sizes=\"auto, (max-width: 1024px) 100vw, 1024px\" \/><\/figure>\n\n\n\n<p>La acci\u00f3n de la Monomarca Fiat, el TC 4000 del Sur, Turismo Agrupado Clase 2 y el 1600 tendr\u00e1n cobertura exclusiva por la se\u00f1al santafesina, como tambi\u00e9n a trav\u00e9s de su plataforma en YouTube.<\/p>\n\n\n\n<p>\u201cAgradecemos a todas las autoridades del canal, por ayudarnos a dar este paso tan importante, que nos permitir\u00e1 seguir sumando pilotos, preparadores y equipos santafesinos, para que disfruten todos los amantes del deporte motor\u201d, sostuvieron desde la categor\u00eda.<\/p>\n\n\n\n<p>Este s\u00e1bado 7 y domingo 8 de septiembre, las CAF estar\u00e1n presentes en Rosario, luego de completar su sexta fecha en el Parque de la Velocidad de San Jorge. <\/p>\n","protected":false},"excerpt":{"rendered":"<p>La s\u00e9ptima fecha del a\u00f1o de las Categor\u00edas Agrupadas Federadas en el aut\u00f3dromo Juan Manuel Fangio de Rosario contar\u00e1n con televisaci\u00f3n exclusiva de Radio Televisi\u00f3n Santafesina (RTS), se\u00f1al p\u00fablica de la provincia de Santa Fe. Uno de los circuitos de categor\u00edas interzonal m\u00e1s importante del pa\u00eds tendr\u00e1, por primera vez, televisaci\u00f3n en directo de su [&hellip;]<\/p>\n","protected":false},"author":9,"featured_media":9239,"comment_status":"closed","ping_status":"open","sticky":false,"template":"","format":"standard","meta":{"tdm_status":"","tdm_grid_status":"","footnotes":""},"categories":[10],"tags":[305,3016,163,3017],"class_list":{"0":"post-9237","1":"post","2":"type-post","3":"status-publish","4":"format-standard","5":"has-post-thumbnail","7":"category-deportes","8":"tag-automovilismo","9":"tag-categorias-agrupadas-federadas","10":"tag-rosario","11":"tag-television"},"_links":{"self":[{"href":"https:\/\/www.noticiasmas.com.ar\/index.php\/wp-json\/wp\/v2\/posts\/9237","targetHints":{"allow":["GET"]}}],"collection":[{"href":"https:\/\/www.noticiasmas.com.ar\/index.php\/wp-json\/wp\/v2\/posts"}],"about":[{"href":"https:\/\/www.noticiasmas.com.ar\/index.php\/wp-json\/wp\/v2\/types\/post"}],"author":[{"embeddable":true,"href":"https:\/\/www.noticiasmas.com.ar\/index.php\/wp-json\/wp\/v2\/users\/9"}],"replies":[{"embeddable":true,"href":"https:\/\/www.noticiasmas.com.ar\/index.php\/wp-json\/wp\/v2\/comments?post=9237"}],"version-history":[{"count":1,"href":"https:\/\/www.noticiasmas.com.ar\/index.php\/wp-json\/wp\/v2\/posts\/9237\/revisions"}],"predecessor-version":[{"id":9240,"href":"https:\/\/www.noticiasmas.com.ar\/index.php\/wp-json\/wp\/v2\/posts\/9237\/revisions\/9240"}],"wp:featuredmedia":[{"embeddable":true,"href":"https:\/\/www.noticiasmas.com.ar\/index.php\/wp-json\/wp\/v2\/media\/9239"}],"wp:attachment":[{"href":"https:\/\/www.noticiasmas.com.ar\/index.php\/wp-json\/wp\/v2\/media?parent=9237"}],"wp:term":[{"taxonomy":"category","embeddable":true,"href":"https:\/\/www.noticiasmas.com.ar\/index.php\/wp-json\/wp\/v2\/categories?post=9237"},{"taxonomy":"post_tag","embeddable":true,"href":"https:\/\/www.noticiasmas.com.ar\/index.php\/wp-json\/wp\/v2\/tags?post=9237"}],"curies":[{"name":"wp","href":"https:\/\/api.w.org\/{rel}","templated":true}]}}