{"id":9284,"date":"2024-09-06T16:50:03","date_gmt":"2024-09-06T19:50:03","guid":{"rendered":"https:\/\/www.noticiasmas.com.ar\/?p=9284"},"modified":"2024-09-06T16:51:12","modified_gmt":"2024-09-06T19:51:12","slug":"sadop-tambien-va-al-paro-en-rechazo-a-la-reforma-jubilatoria","status":"publish","type":"post","link":"https:\/\/www.noticiasmas.com.ar\/index.php\/2024\/09\/06\/sadop-tambien-va-al-paro-en-rechazo-a-la-reforma-jubilatoria\/","title":{"rendered":"Sadop va al paro la semana pr\u00f3xima en rechazo a la Reforma Jubilatoria"},"content":{"rendered":"\n<p>El Sindicato Argentino de Docentes Privados (Sadop) se sumar\u00e1 a las medidas de fuerza la pr\u00f3xima semana en protesta contra la reforma jubilatoria impulsada por el gobierno provincial. Aunque la fecha a\u00fan no se ha oficializado, todo indica que el paro se llevar\u00e1 a cabo el jueves 12 de septiembre, coincidiendo con la sesi\u00f3n en la C\u00e1mara de Diputados donde se discutir\u00e1 la ley.<\/p>\n\n\n\n<p>Mart\u00edn Lucero, secretario general de Sadop, expres\u00f3 su rechazo a la reforma, calific\u00e1ndola como &#8220;una brutalidad y una crueldad terrible&#8221;, y acus\u00f3 al gobernador Maximiliano Pujaro de imponer una ley que perjudicar\u00e1 especialmente a las mujeres trabajadoras. Seg\u00fan Lucero, la reforma aumentar\u00e1 la edad de jubilaci\u00f3n, los a\u00f1os de servicio, y reducir\u00e1 los beneficios para las mujeres, quienes cargar\u00e1n con el peso del d\u00e9ficit de la caja de jubilaciones.<\/p>\n\n\n\n<p>El l\u00edder gremial tambi\u00e9n critic\u00f3 al secretario de Seguridad Social, Jorge Boasso, y llam\u00f3 a los diputados provinciales a frenar la aprobaci\u00f3n de la ley. Lucero subray\u00f3 que esta reforma no fue mencionada durante la campa\u00f1a electoral y acus\u00f3 al gobierno de traicionar sus promesas electorales. &#8220;Nosotros le vamos a decir que no&#8221;, afirm\u00f3 contundentemente.<\/p>\n","protected":false},"excerpt":{"rendered":"<p>El Sindicato Argentino de Docentes Privados (Sadop) se sumar\u00e1 a las medidas de fuerza la pr\u00f3xima semana en protesta contra la reforma jubilatoria impulsada por el gobierno provincial. Aunque la fecha a\u00fan no se ha oficializado, todo indica que el paro se llevar\u00e1 a cabo el jueves 12 de septiembre, coincidiendo con la sesi\u00f3n en [&hellip;]<\/p>\n","protected":false},"author":3,"featured_media":4191,"comment_status":"closed","ping_status":"open","sticky":false,"template":"","format":"standard","meta":{"tdm_status":"","tdm_grid_status":"","footnotes":""},"categories":[14],"tags":[798,2210,228,2959,799],"class_list":{"0":"post-9284","1":"post","2":"type-post","3":"status-publish","4":"format-standard","5":"has-post-thumbnail","7":"category-provinciales","8":"tag-docentes","9":"tag-docentes-privados","10":"tag-medida-de-fuerza","11":"tag-reforma-previsional","12":"tag-sadop"},"_links":{"self":[{"href":"https:\/\/www.noticiasmas.com.ar\/index.php\/wp-json\/wp\/v2\/posts\/9284","targetHints":{"allow":["GET"]}}],"collection":[{"href":"https:\/\/www.noticiasmas.com.ar\/index.php\/wp-json\/wp\/v2\/posts"}],"about":[{"href":"https:\/\/www.noticiasmas.com.ar\/index.php\/wp-json\/wp\/v2\/types\/post"}],"author":[{"embeddable":true,"href":"https:\/\/www.noticiasmas.com.ar\/index.php\/wp-json\/wp\/v2\/users\/3"}],"replies":[{"embeddable":true,"href":"https:\/\/www.noticiasmas.com.ar\/index.php\/wp-json\/wp\/v2\/comments?post=9284"}],"version-history":[{"count":2,"href":"https:\/\/www.noticiasmas.com.ar\/index.php\/wp-json\/wp\/v2\/posts\/9284\/revisions"}],"predecessor-version":[{"id":9286,"href":"https:\/\/www.noticiasmas.com.ar\/index.php\/wp-json\/wp\/v2\/posts\/9284\/revisions\/9286"}],"wp:featuredmedia":[{"embeddable":true,"href":"https:\/\/www.noticiasmas.com.ar\/index.php\/wp-json\/wp\/v2\/media\/4191"}],"wp:attachment":[{"href":"https:\/\/www.noticiasmas.com.ar\/index.php\/wp-json\/wp\/v2\/media?parent=9284"}],"wp:term":[{"taxonomy":"category","embeddable":true,"href":"https:\/\/www.noticiasmas.com.ar\/index.php\/wp-json\/wp\/v2\/categories?post=9284"},{"taxonomy":"post_tag","embeddable":true,"href":"https:\/\/www.noticiasmas.com.ar\/index.php\/wp-json\/wp\/v2\/tags?post=9284"}],"curies":[{"name":"wp","href":"https:\/\/api.w.org\/{rel}","templated":true}]}}