{"id":9287,"date":"2024-09-06T17:36:52","date_gmt":"2024-09-06T20:36:52","guid":{"rendered":"https:\/\/www.noticiasmas.com.ar\/?p=9287"},"modified":"2024-09-06T17:36:55","modified_gmt":"2024-09-06T20:36:55","slug":"funes-recibe-a-la-expocon-2025-y-se-consolida-como-el-corazon-de-la-construccion-en-el-pais","status":"publish","type":"post","link":"https:\/\/www.noticiasmas.com.ar\/index.php\/2024\/09\/06\/funes-recibe-a-la-expocon-2025-y-se-consolida-como-el-corazon-de-la-construccion-en-el-pais\/","title":{"rendered":"Funes recibe a la Expocon 2025 y se consolida c\u00f3mo el coraz\u00f3n de la construcci\u00f3n en el pa\u00eds"},"content":{"rendered":"\n<p>La mayor exposici\u00f3n de construcci\u00f3n, ingenier\u00eda, arquitectura, materialidad, dise\u00f1o y tecnolog\u00eda del pa\u00eds, llega a la ciudad entre el 3 y el 6 de abril del pr\u00f3ximo a\u00f1o.<\/p>\n\n\n\n<p>El intendente de Funes, Rolvider Santacroce, encabez\u00f3 la presentaci\u00f3n oficial de la Expocon 2025 en Ciudad Industria, junto al Arquitecto Jorge Benet y a la Arquitecta Nancy Garc\u00eda, ambos directores de Expocom.<\/p>\n\n\n\n<p>\u201cLa verdad que hoy no es un d\u00eda com\u00fan para todos nosotros. Es un d\u00eda trascendental no solamente para la ciudad de Funes, sino para toda la regi\u00f3n. Yo quer\u00eda llevar adelante una exposici\u00f3n que tenga que ver con lo nuestro, que es pura y exclusivamente el desarrollo y la producci\u00f3n\u201d, expres\u00f3 Santacroce.<\/p>\n\n\n\n<p>Cientos de empresarios de la regi\u00f3n se acercaron al tercer parque industrial m\u00e1s grande de Argentina, ubicado en el kil\u00f3metro 301 de la Autopista Rosario-C\u00f3rdoba, para presenciar el anuncio oficial.<\/p>\n\n\n\n<p>\u201cEstoy totalmente convencido que la \u00fanica forma de sacar el pa\u00eds adelante es a trav\u00e9s de la obra p\u00fablica y de la inversi\u00f3n de los privados porque el Estado no genera puestos de trabajo, solamente lo hacen los privados.\u201d, agreg\u00f3 el intendente de Funes.<\/p>\n\n\n\n<p>Ciudad Industria se prepara para recibir en 2025 a cientos de expositores y marcas, y a una multitud de m\u00e1s de 50.000 personas, que caminaran las 260 hect\u00e1reas de la tercer planta industrial m\u00e1s grande del pa\u00eds, atravesando los stands de&nbsp; nuevos materiales, desarrollos inmobiliarios, loteos, viviendas en steel frame, viviendas en hormig\u00f3n, rob\u00f3tica aplicada, aberturas, electricidad, energ\u00edas renovables, pinturas y revestimientos, amoblamientos, deco, maquinarias, empresas de servicios, log\u00edstica y transporte, entre otros.<\/p>\n\n\n\n<figure class=\"wp-block-image size-large\"><img loading=\"lazy\" decoding=\"async\" width=\"1024\" height=\"682\" src=\"https:\/\/www.noticiasmas.com.ar\/wp-content\/uploads\/2024\/09\/Expocon-2025-2-1024x682.jpg\" alt=\"\" class=\"wp-image-9288\" srcset=\"https:\/\/www.noticiasmas.com.ar\/wp-content\/uploads\/2024\/09\/Expocon-2025-2-1024x682.jpg 1024w, https:\/\/www.noticiasmas.com.ar\/wp-content\/uploads\/2024\/09\/Expocon-2025-2-300x200.jpg 300w, https:\/\/www.noticiasmas.com.ar\/wp-content\/uploads\/2024\/09\/Expocon-2025-2-768x511.jpg 768w, https:\/\/www.noticiasmas.com.ar\/wp-content\/uploads\/2024\/09\/Expocon-2025-2-150x100.jpg 150w, https:\/\/www.noticiasmas.com.ar\/wp-content\/uploads\/2024\/09\/Expocon-2025-2-696x463.jpg 696w, https:\/\/www.noticiasmas.com.ar\/wp-content\/uploads\/2024\/09\/Expocon-2025-2-1068x711.jpg 1068w, https:\/\/www.noticiasmas.com.ar\/wp-content\/uploads\/2024\/09\/Expocon-2025-2.jpg 1200w\" sizes=\"auto, (max-width: 1024px) 100vw, 1024px\" \/><\/figure>\n\n\n\n<p>\u201cNo imaginamos lo que es este complejo enorme, no imaginamos lo que es Funes y no imaginamos el empuje que tiene el intendente Santacroce. Tenemos todo para hacer la mejor exposici\u00f3n a nivel Nacional. Tenemos el lugar, tenemos la ciudad, tenemos la regi\u00f3n y tenemos las Universidades que ya est\u00e1n trabajando con nosotros\u201d, coment\u00f3 el Director de Expocon, Arquitecto Jorge Benet.<\/p>\n\n\n\n<p>La Expocom atrae a una amplia variedad de visitantes, tanto locales como de otras provincias e incluso de pa\u00edses vecinos, esta diversidad de asistentes es indicadora del inter\u00e9s y la demanda de novedades y nuevas oportunidades en el mercado de la construcci\u00f3n y se espera sea un hito para la ciudad de Funes y toda la regi\u00f3n.<\/p>\n","protected":false},"excerpt":{"rendered":"<p>La mayor exposici\u00f3n de construcci\u00f3n, ingenier\u00eda, arquitectura, materialidad, dise\u00f1o y tecnolog\u00eda del pa\u00eds, llega a la ciudad entre el 3 y el 6 de abril del pr\u00f3ximo a\u00f1o. El intendente de Funes, Rolvider Santacroce, encabez\u00f3 la presentaci\u00f3n oficial de la Expocon 2025 en Ciudad Industria, junto al Arquitecto Jorge Benet y a la Arquitecta Nancy [&hellip;]<\/p>\n","protected":false},"author":5,"featured_media":9289,"comment_status":"closed","ping_status":"open","sticky":false,"template":"","format":"standard","meta":{"tdm_status":"","tdm_grid_status":"","footnotes":""},"categories":[13],"tags":[2996,238,857],"class_list":{"0":"post-9287","1":"post","2":"type-post","3":"status-publish","4":"format-standard","5":"has-post-thumbnail","7":"category-region","8":"tag-expocon-2025","9":"tag-funes","10":"tag-presentacion"},"_links":{"self":[{"href":"https:\/\/www.noticiasmas.com.ar\/index.php\/wp-json\/wp\/v2\/posts\/9287","targetHints":{"allow":["GET"]}}],"collection":[{"href":"https:\/\/www.noticiasmas.com.ar\/index.php\/wp-json\/wp\/v2\/posts"}],"about":[{"href":"https:\/\/www.noticiasmas.com.ar\/index.php\/wp-json\/wp\/v2\/types\/post"}],"author":[{"embeddable":true,"href":"https:\/\/www.noticiasmas.com.ar\/index.php\/wp-json\/wp\/v2\/users\/5"}],"replies":[{"embeddable":true,"href":"https:\/\/www.noticiasmas.com.ar\/index.php\/wp-json\/wp\/v2\/comments?post=9287"}],"version-history":[{"count":1,"href":"https:\/\/www.noticiasmas.com.ar\/index.php\/wp-json\/wp\/v2\/posts\/9287\/revisions"}],"predecessor-version":[{"id":9290,"href":"https:\/\/www.noticiasmas.com.ar\/index.php\/wp-json\/wp\/v2\/posts\/9287\/revisions\/9290"}],"wp:featuredmedia":[{"embeddable":true,"href":"https:\/\/www.noticiasmas.com.ar\/index.php\/wp-json\/wp\/v2\/media\/9289"}],"wp:attachment":[{"href":"https:\/\/www.noticiasmas.com.ar\/index.php\/wp-json\/wp\/v2\/media?parent=9287"}],"wp:term":[{"taxonomy":"category","embeddable":true,"href":"https:\/\/www.noticiasmas.com.ar\/index.php\/wp-json\/wp\/v2\/categories?post=9287"},{"taxonomy":"post_tag","embeddable":true,"href":"https:\/\/www.noticiasmas.com.ar\/index.php\/wp-json\/wp\/v2\/tags?post=9287"}],"curies":[{"name":"wp","href":"https:\/\/api.w.org\/{rel}","templated":true}]}}