{"id":9397,"date":"2024-09-11T18:48:22","date_gmt":"2024-09-11T21:48:22","guid":{"rendered":"https:\/\/www.noticiasmas.com.ar\/?p=9397"},"modified":"2024-09-11T18:48:25","modified_gmt":"2024-09-11T21:48:25","slug":"el-bloque-parlamentario-del-frente-amplio-por-la-soberania-adelanto-su-rechazo-al-proyecto-oficial-de-reforma-previsional-provincial","status":"publish","type":"post","link":"https:\/\/www.noticiasmas.com.ar\/index.php\/2024\/09\/11\/el-bloque-parlamentario-del-frente-amplio-por-la-soberania-adelanto-su-rechazo-al-proyecto-oficial-de-reforma-previsional-provincial\/","title":{"rendered":"EL BLOQUE PARLAMENTARIO DEL FRENTE AMPLIO POR LA SOBERAN\u00cdA ADELANT\u00d3 SU RECHAZO AL PROYECTO OFICIAL DE REFORMA PREVISIONAL PROVINCIAL"},"content":{"rendered":"\n<p>La C\u00e1mara de Diputados provincial fue convocada a sesionar este jueves, a las 11 (suele hacerlo a partir de las 15), para tratar la reforma previsional, que cuenta con media sanci\u00f3n del Senado. El bloque del Frente Amplio por la Soberan\u00eda adelanto su voto negativo.<\/p>\n\n\n\n<p>El proyecto oficial declara la emergencia previsional por dos a\u00f1os, aunque prorrogable por uno m\u00e1s -no dos, como sosten\u00eda la propuesta inicial- por la Casa Gris, al tiempo que fija un tope de haberes de 20 jubilaciones m\u00ednimas y eleva progresivamente los aportes (pasar\u00e1n del 14 por ciento actual a una escala que va de 15,5 a 21%, en funci\u00f3n del ingreso).<\/p>\n\n\n\n<p>Dicho Proyecto es rechazado por el bloque del diputado carlos del Frade: \u201cLa emergencia previsional en la provincia est\u00e1 basada en el supuesto d\u00e9ficit de la Caja de Jubilaciones estimado en 430 mil millones de pesos para todo 2024, de acuerdo a los dichos del Ministro de Econom\u00eda, cifra que representa menos del 10 por ciento del presupuesto provincial de m\u00e1s de 4 billones 853 millones pesos\u201d, retruc\u00f3 el diputado del Frente Amplio por la Soberan\u00eda<\/p>\n\n\n\n<p>Asimismo prosigui\u00f3 se\u00f1alando que es \u201cuna cifra manejable teniendo en cuenta adem\u00e1s la deuda que tiene la administraci\u00f3n nacional para con la Caja, es de m\u00e1s de 700 mil millones de pesos\u201d.<\/p>\n\n\n\n<p>En ese sentido, el legislador entiende que \u201cla idea de hablar\u201d, de un aporte \u201csolidario\u201d de parte de jubilados, jubiladas, pensionados y pensionadas \u201cconstituye una perversa utilizaci\u00f3n del idioma y que existen, tal como lo plantean los gremios docentes, un incremento en los a\u00f1os para acceder al derecho, nunca un privilegio, de la jubilaci\u00f3n por el 82 por ciento m\u00f3vil\u201d, plante\u00f3<\/p>\n\n\n\n<p>Para Del Frade, \u201cLos llamados topes jubilatorios tienen la posibilidad de plantearse a trav\u00e9s de proyectos de ley independientes que no tengan que incluir una reforma previsional\u201d, de hecho \u201cdurante estos a\u00f1os hemos presentado proyectos de ley en ese sentido que lamentablemente nunca fueron tratados por las actuales bancadas mayoritarias que componen la C\u00e1mara de Diputados y Diputadas de la provincia de Santa F\u201d, se quej\u00f3 el diputado provincial<\/p>\n\n\n\n<p>PROPUESTA<\/p>\n\n\n\n<p>Al rechazo al proyecto oficial de Reforma Previsional, el bloque del Frente Amplio por la Soberan\u00eda Proponemos en contrapartida impulsar una reforma impositiva que grave, desde el estado santafesino, a las facturaciones de las principales cincuenta exportadoras de la Provincia,<\/p>\n\n\n\n<p>Para tal prop\u00f3sito, el bloque pide \u201cdejar de lado\u201d, el art\u00edculo 126 de la Constituci\u00f3n Nacional, \u201checho que, por otra parte, ya no tiene sentido en medio de un Gobierno Nacional que no cumple, no solamente con lo relacionado con la Caja de 2024 Jubilaciones, sino tampoco con las fondos nacionales de incentivo docente o coparticipaci\u00f3n\u201d, plantearon los diputados y diputadas del bloque parlamentario .<\/p>\n\n\n\n<p>BLANQUEO DE TRABAJADORES<\/p>\n\n\n\n<p>Para dicho bloque, \u201cargumentar que la ciencia ha logrado prolongar la expectativa de vida como sin\u00f3nimo para continuar con la actividad laboral y postergar el inalienable derecho a la jubilaci\u00f3n es tambi\u00e9n otra forma de precarizaci\u00f3n existencial, sometiendo la vida de las y los trabajadores al capricho de sus patronales, en este caso estatales\u201d.<\/p>\n\n\n\n<p>Otras de las formas de solventar el Sistema jubilatorio \u201ces incorporar a la mayor cantidad de trabajadoras y trabajadores activos que reciben sumas no remunerativas en escalas salariales con sumas en blanco y plenitud de derechos laborales y previsionales\u201d.<\/p>\n\n\n\n<p>Por \u00faltimo, el bloque de Del Frade insisti\u00f3 que La delegaci\u00f3n de facultades al Ejecutivo provincial, \u201cno solamente es contrario al esp\u00edritu republicano si no tambi\u00e9n una sumisi\u00f3n a la l\u00f3gica pol\u00edtica de denigrar los derechos laborales conquistados por generaciones y generaciones de trabajadoras y trabajadores argentinos\u201d<\/p>\n","protected":false},"excerpt":{"rendered":"<p>La C\u00e1mara de Diputados provincial fue convocada a sesionar este jueves, a las 11 (suele hacerlo a partir de las 15), para tratar la reforma previsional, que cuenta con media sanci\u00f3n del Senado. El bloque del Frente Amplio por la Soberan\u00eda adelanto su voto negativo. El proyecto oficial declara la emergencia previsional por dos a\u00f1os, [&hellip;]<\/p>\n","protected":false},"author":5,"featured_media":9398,"comment_status":"closed","ping_status":"open","sticky":false,"template":"","format":"standard","meta":{"tdm_status":"","tdm_grid_status":"","footnotes":""},"categories":[14],"tags":[1064,3080,535,2959,18],"class_list":{"0":"post-9397","1":"post","2":"type-post","3":"status-publish","4":"format-standard","5":"has-post-thumbnail","7":"category-provinciales","8":"tag-diputados","9":"tag-frente-amplio-por-la-soberania","10":"tag-rechazo","11":"tag-reforma-previsional","12":"tag-santa-fe"},"_links":{"self":[{"href":"https:\/\/www.noticiasmas.com.ar\/index.php\/wp-json\/wp\/v2\/posts\/9397","targetHints":{"allow":["GET"]}}],"collection":[{"href":"https:\/\/www.noticiasmas.com.ar\/index.php\/wp-json\/wp\/v2\/posts"}],"about":[{"href":"https:\/\/www.noticiasmas.com.ar\/index.php\/wp-json\/wp\/v2\/types\/post"}],"author":[{"embeddable":true,"href":"https:\/\/www.noticiasmas.com.ar\/index.php\/wp-json\/wp\/v2\/users\/5"}],"replies":[{"embeddable":true,"href":"https:\/\/www.noticiasmas.com.ar\/index.php\/wp-json\/wp\/v2\/comments?post=9397"}],"version-history":[{"count":1,"href":"https:\/\/www.noticiasmas.com.ar\/index.php\/wp-json\/wp\/v2\/posts\/9397\/revisions"}],"predecessor-version":[{"id":9399,"href":"https:\/\/www.noticiasmas.com.ar\/index.php\/wp-json\/wp\/v2\/posts\/9397\/revisions\/9399"}],"wp:featuredmedia":[{"embeddable":true,"href":"https:\/\/www.noticiasmas.com.ar\/index.php\/wp-json\/wp\/v2\/media\/9398"}],"wp:attachment":[{"href":"https:\/\/www.noticiasmas.com.ar\/index.php\/wp-json\/wp\/v2\/media?parent=9397"}],"wp:term":[{"taxonomy":"category","embeddable":true,"href":"https:\/\/www.noticiasmas.com.ar\/index.php\/wp-json\/wp\/v2\/categories?post=9397"},{"taxonomy":"post_tag","embeddable":true,"href":"https:\/\/www.noticiasmas.com.ar\/index.php\/wp-json\/wp\/v2\/tags?post=9397"}],"curies":[{"name":"wp","href":"https:\/\/api.w.org\/{rel}","templated":true}]}}