{"id":9464,"date":"2024-09-13T11:56:42","date_gmt":"2024-09-13T14:56:42","guid":{"rendered":"https:\/\/www.noticiasmas.com.ar\/?p=9464"},"modified":"2024-09-13T11:56:45","modified_gmt":"2024-09-13T14:56:45","slug":"face-nius-numero-5","status":"publish","type":"post","link":"https:\/\/www.noticiasmas.com.ar\/index.php\/2024\/09\/13\/face-nius-numero-5\/","title":{"rendered":"Face Nius n\u00famero 5"},"content":{"rendered":"\n<p><\/p>\n\n\n\n<figure class=\"wp-block-image size-full\"><img loading=\"lazy\" decoding=\"async\" width=\"262\" height=\"413\" src=\"https:\/\/www.noticiasmas.com.ar\/wp-content\/uploads\/2024\/09\/image-4.png\" alt=\"\" class=\"wp-image-9465\" srcset=\"https:\/\/www.noticiasmas.com.ar\/wp-content\/uploads\/2024\/09\/image-4.png 262w, https:\/\/www.noticiasmas.com.ar\/wp-content\/uploads\/2024\/09\/image-4-190x300.png 190w, https:\/\/www.noticiasmas.com.ar\/wp-content\/uploads\/2024\/09\/image-4-150x236.png 150w\" sizes=\"auto, (max-width: 262px) 100vw, 262px\" \/><\/figure>\n\n\n\n<p><strong><u>TORTUGA PERONISTA<\/u><\/strong><\/p>\n\n\n\n<p>MAS ALL\u00c1 DE LAS CONSIDERACIONES Y OPINIONES SOBRE LA REFORMA JUBILATORIA PROVINCIAL, APROBADA EN FORMA EXPRESS POR LA LEGISLATURA Y \u00a0EL EJECUTIVO, QUEDARON CLARAS DOS POSTURAS MUY PRONUNCIADAS.<\/p>\n\n\n\n<p>POR UN LADO, EL FRENTE UNIDOS VOTANDO A LIBRO CERRADO LO ENVIADO POR EL EJECUTIVO Y POR EL OTRO AMALIA GRANATA Y SU BLOQUE, TOMANDO EL CENTRO DEL RING EN T\u00c9RMINOS DE \u00a0OPOSICION, LOGRANDO UNA CENTRALIDAD QUE DEBI\u00d3 CORRESPONDERLE A OTROS.<\/p>\n\n\n\n<p>POCO SE ESCUCH\u00d3 PJ O PERONISMO, QUE PRESIDE EL EX GOBERNADOR PEROTTI Y MUCHO MENOS DEL RESTO, QUE PARECEN NAVEGAR EN UNA ESPECIE DE SUE\u00d1O ETERNO ESPERANDO UN CAMBIO QUE SE PRODUZCA \u201cDESDE ABAJO\u201d<\/p>\n\n\n\n<p>SI HUBO UNA VIRTUD QUE CARACTERIZ\u00d3 AL PERONISMO A LO LARGO DE SU HISTORIA ES EL OLFATO PARA ESTAR CERCA DE LAS NECESIDADES Y RECLAMOS DE LA SOCIEDAD, SOBRE TODO CUANDO ES \u201cATACADA\u201d EN SUS DERECHOS E INGRESOS B\u00c1SICOS.<\/p>\n\n\n\n<p>EL MAREO DE LA CATASTR\u00d3FICA DERROTA, SUMADO A LA DESAPARICI\u00d3N DEL PJ COMO PARTIDO EST\u00c1N CAUSANDO ESTE ESTRAGO QUE LLEVARA A\u00d1OS COMPONER, EN CASO DE QUE SE PUEDA.<\/p>\n\n\n\n<p>LAS FOTOS Y LA COMUNICACI\u00d3N JUGANDO A SER LOS \u201cGALPERINES POPULARES\u201d NO SUMAN NADA, MUCHO MENOS LOS \u201cESPASMOS\u201d DE PROYECTOS INDIVUDULES, EN UN MOMENTO DE POSIBLE QUIEBRE EN LA SOCIEDAD TODA.<\/p>\n\n\n\n<figure class=\"wp-block-image size-full is-resized\"><img loading=\"lazy\" decoding=\"async\" width=\"282\" height=\"361\" src=\"https:\/\/www.noticiasmas.com.ar\/wp-content\/uploads\/2024\/09\/image-7.png\" alt=\"\" class=\"wp-image-9468\" style=\"width:260px;height:auto\" srcset=\"https:\/\/www.noticiasmas.com.ar\/wp-content\/uploads\/2024\/09\/image-7.png 282w, https:\/\/www.noticiasmas.com.ar\/wp-content\/uploads\/2024\/09\/image-7-234x300.png 234w, https:\/\/www.noticiasmas.com.ar\/wp-content\/uploads\/2024\/09\/image-7-150x192.png 150w\" sizes=\"auto, (max-width: 282px) 100vw, 282px\" \/><\/figure>\n\n\n\n<p><strong>ATENTI CON EL PORTAL<\/strong><\/p>\n\n\n\n<p>NOTICIASMAS.COM.AR SE ENCUENTRA TERMINANDO UNA INVESTIGACI\u00d3N QUE PODR\u00cdA TRAER GRAVES CONSECUENCIAS.<\/p>\n\n\n\n<p>EL TESTAFERRISMO O LA COLOCACI\u00d3N DE HOMBRES DE PAJA PARA LLEVAR ADELANTE PROYECTOS RE\u00d1IDOS CON LEYES O LA \u00c9TICA ES TAN VIEJO COMO EL MUNDO.<\/p>\n\n\n\n<p>ARMAR EMPRESAS, ONG O EMPRENDIMIENTOS CON NOMBRES DE \u201cPAJA\u201d CON LA CANTIDAD DE INFORMACI\u00d3N DISPONIBLE ES UN TEMA BASTANTE SENCILLO DE DETECTAR.<\/p>\n\n\n\n<p>ESTE CASO ES MUCHO MAS LLAMATIVO, EN VIRTUD QUE QUIEN FIGURA COMO PROPIETARIO NO LO ES, Y MUCHO MENOS QUIEN LO GESTIONA.<\/p>\n\n\n\n<p>UN MONOTRIBUTISTA SIN CAPACIDAD DE FACTURAR NADA, NI DE LLEVAR ADELANTE UN PROYECTO DE ESTA ENVERGADURA.<\/p>\n\n\n\n<p>EL EGO (SU PRINCIPAL ENEMIGO) MUESTRA EN ALGUNAS PUBLICACIONES AL VERDADERO PROPIETARIO.<\/p>\n\n\n\n<p>QUEDA DEBIDAMENTE AVISADO<\/p>\n\n\n\n<figure class=\"wp-block-image size-full\"><img loading=\"lazy\" decoding=\"async\" width=\"455\" height=\"332\" src=\"https:\/\/www.noticiasmas.com.ar\/wp-content\/uploads\/2024\/09\/image-8.png\" alt=\"\" class=\"wp-image-9469\" srcset=\"https:\/\/www.noticiasmas.com.ar\/wp-content\/uploads\/2024\/09\/image-8.png 455w, https:\/\/www.noticiasmas.com.ar\/wp-content\/uploads\/2024\/09\/image-8-300x219.png 300w, https:\/\/www.noticiasmas.com.ar\/wp-content\/uploads\/2024\/09\/image-8-150x109.png 150w\" sizes=\"auto, (max-width: 455px) 100vw, 455px\" \/><\/figure>\n\n\n\n<p><strong><u>POSIBLES DESERCIONES EN LA ORQUESTA DE VARIEDADES 101.1<\/u><\/strong><\/p>\n\n\n\n<p>POR AHORA ES UN RUMOR QUE CADA D\u00cdA COBRA MAS FUERZA, LA ORQUESTA DE VARIEDADES HORIZONTE 101.1 ESTAR\u00cdA VIVIENDO UNA CRISIS.<\/p>\n\n\n\n<p>ALGUNOS DE SUS MIEMBROS MAS PROMINENTES ESTAR\u00cdAN ARMANDO LAS VALIJAS PARA DEJAR LA MISMA, EN VIRTUD DE LOS DESAGUIZADOS PERMANENTES ARMANDOS POR SU DIRECTORA CONOCIDA CARI\u00d1OSAMENTE COMO \u201cAUNT GLORY\u201d<\/p>\n\n\n\n<p>LA CA\u00cdDA DE APORTES POL\u00cdTICOS BLANCOS Y BLUE, LAS NECESIDADES ECONOMICAS DE LA CITADA, A LOS QUE SUMA ALG\u00daN INTERES POR VENDER LA UNIDAD BASICA 101.1, HABR\u00cdAN ENCENDIDO LAS ALARMAS DE VARIOS INTEGRANTES QUE VEN UN NEGRO FUTURO EN LA CITADA Y ACLAMADA AGRUPACI\u00d3N.<\/p>\n\n\n\n<p>EL SOL ESTARIA CALENTANDO UN SOLO BOLSILLO Y LOS GROSEROS ERRORES COMETIDOS POR EL SECTARISMO Y EL ODIO DE LA ESTRATEGA, ESTAR\u00cdAN ACELERANDO LOS TIEMPOS.<\/p>\n\n\n\n<p>LOS MENOS OPTIMISTAS NO DUDAN EN AFIRMAR QUE A FIN SE A\u00d1O LA TAN MENTADA AGRUPACI\u00d3N QUE ALGUNA VEZ LUCI\u00d3 EN MUCHOS ESCENARIOS, QUEDAR\u00cdA REDUCIDA A UN DUO AL MAS PURO ESTILO \u201cPIMPINELA\u201d.<\/p>\n\n\n\n<p>FACE NIUS, HACE VOTOS PARA QUE TAL DIVISION NO SE PRODUZCA, PORQUE NOS OBLIGAR\u00cdA A TRABAJAR MAS.<\/p>\n","protected":false},"excerpt":{"rendered":"<p>TORTUGA PERONISTA MAS ALL\u00c1 DE LAS CONSIDERACIONES Y OPINIONES SOBRE LA REFORMA JUBILATORIA PROVINCIAL, APROBADA EN FORMA EXPRESS POR LA LEGISLATURA Y \u00a0EL EJECUTIVO, QUEDARON CLARAS DOS POSTURAS MUY PRONUNCIADAS. POR UN LADO, EL FRENTE UNIDOS VOTANDO A LIBRO CERRADO LO ENVIADO POR EL EJECUTIVO Y POR EL OTRO AMALIA GRANATA Y SU BLOQUE, TOMANDO [&hellip;]<\/p>\n","protected":false},"author":9,"featured_media":8614,"comment_status":"closed","ping_status":"open","sticky":false,"template":"","format":"standard","meta":{"tdm_status":"","tdm_grid_status":"","footnotes":""},"categories":[13],"tags":[2849,39,58],"class_list":{"0":"post-9464","1":"post","2":"type-post","3":"status-publish","4":"format-standard","5":"has-post-thumbnail","7":"category-region","8":"tag-face-nius","9":"tag-politica","10":"tag-san-lorenzo"},"_links":{"self":[{"href":"https:\/\/www.noticiasmas.com.ar\/index.php\/wp-json\/wp\/v2\/posts\/9464","targetHints":{"allow":["GET"]}}],"collection":[{"href":"https:\/\/www.noticiasmas.com.ar\/index.php\/wp-json\/wp\/v2\/posts"}],"about":[{"href":"https:\/\/www.noticiasmas.com.ar\/index.php\/wp-json\/wp\/v2\/types\/post"}],"author":[{"embeddable":true,"href":"https:\/\/www.noticiasmas.com.ar\/index.php\/wp-json\/wp\/v2\/users\/9"}],"replies":[{"embeddable":true,"href":"https:\/\/www.noticiasmas.com.ar\/index.php\/wp-json\/wp\/v2\/comments?post=9464"}],"version-history":[{"count":1,"href":"https:\/\/www.noticiasmas.com.ar\/index.php\/wp-json\/wp\/v2\/posts\/9464\/revisions"}],"predecessor-version":[{"id":9470,"href":"https:\/\/www.noticiasmas.com.ar\/index.php\/wp-json\/wp\/v2\/posts\/9464\/revisions\/9470"}],"wp:featuredmedia":[{"embeddable":true,"href":"https:\/\/www.noticiasmas.com.ar\/index.php\/wp-json\/wp\/v2\/media\/8614"}],"wp:attachment":[{"href":"https:\/\/www.noticiasmas.com.ar\/index.php\/wp-json\/wp\/v2\/media?parent=9464"}],"wp:term":[{"taxonomy":"category","embeddable":true,"href":"https:\/\/www.noticiasmas.com.ar\/index.php\/wp-json\/wp\/v2\/categories?post=9464"},{"taxonomy":"post_tag","embeddable":true,"href":"https:\/\/www.noticiasmas.com.ar\/index.php\/wp-json\/wp\/v2\/tags?post=9464"}],"curies":[{"name":"wp","href":"https:\/\/api.w.org\/{rel}","templated":true}]}}