{"id":9586,"date":"2024-09-18T13:50:28","date_gmt":"2024-09-18T16:50:28","guid":{"rendered":"https:\/\/www.noticiasmas.com.ar\/?p=9586"},"modified":"2024-09-18T13:50:30","modified_gmt":"2024-09-18T16:50:30","slug":"el-grupo-despertar-viajo-a-temaiken","status":"publish","type":"post","link":"https:\/\/www.noticiasmas.com.ar\/index.php\/2024\/09\/18\/el-grupo-despertar-viajo-a-temaiken\/","title":{"rendered":"El Grupo Despertar viaj\u00f3 a Temaiken"},"content":{"rendered":"\n<p>Como parte de las actividades de recreaci\u00f3n y socializaci\u00f3n el Centro de D\u00eda, realiza paseos, visitas y viajes con estad\u00eda a distintos lugares que los propios integrantes del Grupo eligen, y solicitan al Intendente De Grandis.<\/p>\n\n\n\n<p>El s\u00e1bado 14 de septiembre visitaron Temaiken, el Bioparque, ubicado en Escobar, provincia de Buenos Aires. Temaiken es un lugar que combina los objetivos de los Jardines Bot\u00e1nicos, Zool\u00f3gicos, Acuarios y Museos de Historia Natural, donde pudieron entrar en contacto con la naturaleza, conocer numerosas especies de animales y plantas, y aprender acerca de su protecci\u00f3n y preservaci\u00f3n.<\/p>\n\n\n\n<figure class=\"wp-block-image\"><img decoding=\"async\" src=\"https:\/\/lalupamedios.com.ar\/download\/multimedia.normal.ae8f1574d0979617.SW5TaG90XzIwMjQwOTE4XzEyMjE1OTk2OV9ub3JtYWwud2VicA%3D%3D.webp\" alt=\"InShot_20240918_122159969\"\/><\/figure>\n\n\n\n<p>El acompa\u00f1amiento permanente del municipio para con el Grupo Despertar responde a la firme convicci\u00f3n de esta gesti\u00f3n de emponderarlos, fortalecerlos, generando confianza en sus capacidades, fortaleciendo su autoestima, impulsando su crecimiento intelectual, cultural, f\u00edsico y espiritual, conformando ya con ellos lazos de una verdadera familia.<\/p>\n\n\n\n<p>El Grupo disfrut\u00f3 de una maravillosa jornada, bajo la supervisi\u00f3n del personal, profesores y el titular del \u00e1rea de Desarrollo Social Fernando Torrens<\/p>\n\n\n\n<figure class=\"wp-block-image\"><img decoding=\"async\" src=\"https:\/\/lalupamedios.com.ar\/download\/multimedia.normal.adb4ba64385a3ba4.SW5TaG90XzIwMjQwOTE4XzEyMjI0MTk0OF9ub3JtYWwud2VicA%3D%3D.webp\" alt=\"InShot_20240918_122241948\"\/><\/figure>\n","protected":false},"excerpt":{"rendered":"<p>Como parte de las actividades de recreaci\u00f3n y socializaci\u00f3n el Centro de D\u00eda, realiza paseos, visitas y viajes con estad\u00eda a distintos lugares que los propios integrantes del Grupo eligen, y solicitan al Intendente De Grandis. El s\u00e1bado 14 de septiembre visitaron Temaiken, el Bioparque, ubicado en Escobar, provincia de Buenos Aires. Temaiken es un [&hellip;]<\/p>\n","protected":false},"author":3,"featured_media":9587,"comment_status":"closed","ping_status":"open","sticky":false,"template":"","format":"standard","meta":{"tdm_status":"","tdm_grid_status":"","footnotes":""},"categories":[13],"tags":[2913,3128,230],"class_list":{"0":"post-9586","1":"post","2":"type-post","3":"status-publish","4":"format-standard","5":"has-post-thumbnail","7":"category-region","8":"tag-grupo-despertar","9":"tag-temaiken","10":"tag-viaje"},"_links":{"self":[{"href":"https:\/\/www.noticiasmas.com.ar\/index.php\/wp-json\/wp\/v2\/posts\/9586","targetHints":{"allow":["GET"]}}],"collection":[{"href":"https:\/\/www.noticiasmas.com.ar\/index.php\/wp-json\/wp\/v2\/posts"}],"about":[{"href":"https:\/\/www.noticiasmas.com.ar\/index.php\/wp-json\/wp\/v2\/types\/post"}],"author":[{"embeddable":true,"href":"https:\/\/www.noticiasmas.com.ar\/index.php\/wp-json\/wp\/v2\/users\/3"}],"replies":[{"embeddable":true,"href":"https:\/\/www.noticiasmas.com.ar\/index.php\/wp-json\/wp\/v2\/comments?post=9586"}],"version-history":[{"count":1,"href":"https:\/\/www.noticiasmas.com.ar\/index.php\/wp-json\/wp\/v2\/posts\/9586\/revisions"}],"predecessor-version":[{"id":9588,"href":"https:\/\/www.noticiasmas.com.ar\/index.php\/wp-json\/wp\/v2\/posts\/9586\/revisions\/9588"}],"wp:featuredmedia":[{"embeddable":true,"href":"https:\/\/www.noticiasmas.com.ar\/index.php\/wp-json\/wp\/v2\/media\/9587"}],"wp:attachment":[{"href":"https:\/\/www.noticiasmas.com.ar\/index.php\/wp-json\/wp\/v2\/media?parent=9586"}],"wp:term":[{"taxonomy":"category","embeddable":true,"href":"https:\/\/www.noticiasmas.com.ar\/index.php\/wp-json\/wp\/v2\/categories?post=9586"},{"taxonomy":"post_tag","embeddable":true,"href":"https:\/\/www.noticiasmas.com.ar\/index.php\/wp-json\/wp\/v2\/tags?post=9586"}],"curies":[{"name":"wp","href":"https:\/\/api.w.org\/{rel}","templated":true}]}}