{"id":9624,"date":"2024-09-19T09:01:10","date_gmt":"2024-09-19T12:01:10","guid":{"rendered":"https:\/\/www.noticiasmas.com.ar\/?p=9624"},"modified":"2024-09-19T09:01:13","modified_gmt":"2024-09-19T12:01:13","slug":"alertan-por-tormentas-en-la-region-para-este-jueves","status":"publish","type":"post","link":"https:\/\/www.noticiasmas.com.ar\/index.php\/2024\/09\/19\/alertan-por-tormentas-en-la-region-para-este-jueves\/","title":{"rendered":"Alertan por tormentas en la regi\u00f3n para este jueves"},"content":{"rendered":"\n<p>El Servicio Meteorol\u00f3gico Nacional emiti\u00f3 una alerta amarilla por tormentas con vientos fuertes en la regi\u00f3n para este jueves 19 de septiembre.<\/p>\n\n\n\n<p>Para esta jornada se esperan chaparrones de moderada intensidad con r\u00e1fagas viento que podr\u00edan alcanzar los 50 kil\u00f3metros por hora.<\/p>\n\n\n\n<p>Estas inclemencias clim\u00e1ticas se dar\u00edan, principalmente, en horas de la tarde de este jueves, en donde la temperatura m\u00e1xima podr\u00eda alcanzar los 28\u00b0C.<\/p>\n\n\n\n<p>Para el fin de semana, especialmente entre la madrugada del s\u00e1bado y la jornada del domingo, se esperan nuevas tormentas en la regi\u00f3n.<\/p>\n","protected":false},"excerpt":{"rendered":"<p>El Servicio Meteorol\u00f3gico Nacional emiti\u00f3 una alerta amarilla por tormentas con vientos fuertes en la regi\u00f3n para este jueves 19 de septiembre. Para esta jornada se esperan chaparrones de moderada intensidad con r\u00e1fagas viento que podr\u00edan alcanzar los 50 kil\u00f3metros por hora. Estas inclemencias clim\u00e1ticas se dar\u00edan, principalmente, en horas de la tarde de este [&hellip;]<\/p>\n","protected":false},"author":9,"featured_media":5159,"comment_status":"closed","ping_status":"open","sticky":false,"template":"","format":"standard","meta":{"tdm_status":"","tdm_grid_status":"","footnotes":""},"categories":[13],"tags":[392,311],"class_list":{"0":"post-9624","1":"post","2":"type-post","3":"status-publish","4":"format-standard","5":"has-post-thumbnail","7":"category-region","8":"tag-lluvias","9":"tag-servicio-meteorologico-nacional"},"_links":{"self":[{"href":"https:\/\/www.noticiasmas.com.ar\/index.php\/wp-json\/wp\/v2\/posts\/9624","targetHints":{"allow":["GET"]}}],"collection":[{"href":"https:\/\/www.noticiasmas.com.ar\/index.php\/wp-json\/wp\/v2\/posts"}],"about":[{"href":"https:\/\/www.noticiasmas.com.ar\/index.php\/wp-json\/wp\/v2\/types\/post"}],"author":[{"embeddable":true,"href":"https:\/\/www.noticiasmas.com.ar\/index.php\/wp-json\/wp\/v2\/users\/9"}],"replies":[{"embeddable":true,"href":"https:\/\/www.noticiasmas.com.ar\/index.php\/wp-json\/wp\/v2\/comments?post=9624"}],"version-history":[{"count":1,"href":"https:\/\/www.noticiasmas.com.ar\/index.php\/wp-json\/wp\/v2\/posts\/9624\/revisions"}],"predecessor-version":[{"id":9625,"href":"https:\/\/www.noticiasmas.com.ar\/index.php\/wp-json\/wp\/v2\/posts\/9624\/revisions\/9625"}],"wp:featuredmedia":[{"embeddable":true,"href":"https:\/\/www.noticiasmas.com.ar\/index.php\/wp-json\/wp\/v2\/media\/5159"}],"wp:attachment":[{"href":"https:\/\/www.noticiasmas.com.ar\/index.php\/wp-json\/wp\/v2\/media?parent=9624"}],"wp:term":[{"taxonomy":"category","embeddable":true,"href":"https:\/\/www.noticiasmas.com.ar\/index.php\/wp-json\/wp\/v2\/categories?post=9624"},{"taxonomy":"post_tag","embeddable":true,"href":"https:\/\/www.noticiasmas.com.ar\/index.php\/wp-json\/wp\/v2\/tags?post=9624"}],"curies":[{"name":"wp","href":"https:\/\/api.w.org\/{rel}","templated":true}]}}