{"id":9692,"date":"2024-09-23T08:36:36","date_gmt":"2024-09-23T11:36:36","guid":{"rendered":"https:\/\/www.noticiasmas.com.ar\/?p=9692"},"modified":"2024-09-23T08:36:39","modified_gmt":"2024-09-23T11:36:39","slug":"mas-de-600-bomberos-combaten-los-incendios-en-capilla-del-monte","status":"publish","type":"post","link":"https:\/\/www.noticiasmas.com.ar\/index.php\/2024\/09\/23\/mas-de-600-bomberos-combaten-los-incendios-en-capilla-del-monte\/","title":{"rendered":"M\u00e1s de 600 bomberos combaten los incendios en Capilla del Monte"},"content":{"rendered":"\n<p>Los incendios forestales en la zona de Capilla del Monte, en la provincia de C\u00f3rdoba, contin\u00faan consumiendo hect\u00e1reas y los recursos para controlar que las llamas no lleguen y da\u00f1en zonas residenciales.<\/p>\n\n\n\n<p>En el d\u00eda de ayer, desde la Secretar\u00eda de Gesti\u00f3n de Riesgos, se\u00f1alaron que fueron \u201calrededor de 600 bomberos trabajando en los distintos frentes\u201d.<\/p>\n\n\n\n<p>Los principales focos activos se encuentran en la zona de Los Cocos y el cerro Las Gemelas, mientras que por la direcci\u00f3n del viento el fuego avanz\u00f3 hacia el este llegando a Ascochinga y San Esteban.<\/p>\n\n\n\n\n\n<p>Mientras las llamas avanzan producto de las condiciones \u00e1ridas y secas de un terreno que cada vez recibe menos aguas de lluvia, desde la provincia reclaman asistencia nacional.<\/p>\n\n\n\n<p>\u201cEstamos solos, combatiendo nosotros mismos las llamas, mientras los bomberos voluntarios no dan abasto para hacer el recambio. Necesitamos asistencia nacional ahora, no ma\u00f1ana, porque muchos perdieron sus casas. Tambi\u00e9n pedimos que se declare la emergencia nacional ya\u201d, sostuvo una mujer de la zona a TN.<\/p>\n\n\n\n<p>Hasta este domingo, se evacuaron a casi 150 personas y 14 viviendas han quedado destruidas producto del fuego, principalmente en la zona de Capilla del Monte.<\/p>\n\n\n\n<figure class=\"wp-block-image size-large\"><img loading=\"lazy\" decoding=\"async\" width=\"1024\" height=\"622\" src=\"https:\/\/www.noticiasmas.com.ar\/wp-content\/uploads\/2024\/09\/incendiossanmarcossierra-1024x622.jpeg\" alt=\"\" class=\"wp-image-9694\" srcset=\"https:\/\/www.noticiasmas.com.ar\/wp-content\/uploads\/2024\/09\/incendiossanmarcossierra-1024x622.jpeg 1024w, https:\/\/www.noticiasmas.com.ar\/wp-content\/uploads\/2024\/09\/incendiossanmarcossierra-300x182.jpeg 300w, https:\/\/www.noticiasmas.com.ar\/wp-content\/uploads\/2024\/09\/incendiossanmarcossierra-768x467.jpeg 768w, https:\/\/www.noticiasmas.com.ar\/wp-content\/uploads\/2024\/09\/incendiossanmarcossierra-150x91.jpeg 150w, https:\/\/www.noticiasmas.com.ar\/wp-content\/uploads\/2024\/09\/incendiossanmarcossierra-696x423.jpeg 696w, https:\/\/www.noticiasmas.com.ar\/wp-content\/uploads\/2024\/09\/incendiossanmarcossierra-1068x649.jpeg 1068w, https:\/\/www.noticiasmas.com.ar\/wp-content\/uploads\/2024\/09\/incendiossanmarcossierra.jpeg 1280w\" sizes=\"auto, (max-width: 1024px) 100vw, 1024px\" \/><\/figure>\n\n\n\n<p>Mientras tanto, las tareas est\u00e1n destinadas a que el fuego no llegue a otras localidades como San Marcos Sierras, donde deber\u00eda evacuarse a m\u00e1s personas.<\/p>\n\n\n\n<p>El c\u00e1lculo oficial, hasta el momento, es de 8000 hect\u00e1reas consumidas por el fuego.<\/p>\n","protected":false},"excerpt":{"rendered":"<p>Los incendios forestales en la zona de Capilla del Monte, en la provincia de C\u00f3rdoba, contin\u00faan consumiendo hect\u00e1reas y los recursos para controlar que las llamas no lleguen y da\u00f1en zonas residenciales. En el d\u00eda de ayer, desde la Secretar\u00eda de Gesti\u00f3n de Riesgos, se\u00f1alaron que fueron \u201calrededor de 600 bomberos trabajando en los distintos [&hellip;]<\/p>\n","protected":false},"author":9,"featured_media":9693,"comment_status":"closed","ping_status":"open","sticky":false,"template":"","format":"standard","meta":{"tdm_status":"","tdm_grid_status":"","footnotes":""},"categories":[1],"tags":[976,1572],"class_list":{"0":"post-9692","1":"post","2":"type-post","3":"status-publish","4":"format-standard","5":"has-post-thumbnail","7":"category-nacionales","8":"tag-cordoba","9":"tag-incendios-forestales"},"_links":{"self":[{"href":"https:\/\/www.noticiasmas.com.ar\/index.php\/wp-json\/wp\/v2\/posts\/9692","targetHints":{"allow":["GET"]}}],"collection":[{"href":"https:\/\/www.noticiasmas.com.ar\/index.php\/wp-json\/wp\/v2\/posts"}],"about":[{"href":"https:\/\/www.noticiasmas.com.ar\/index.php\/wp-json\/wp\/v2\/types\/post"}],"author":[{"embeddable":true,"href":"https:\/\/www.noticiasmas.com.ar\/index.php\/wp-json\/wp\/v2\/users\/9"}],"replies":[{"embeddable":true,"href":"https:\/\/www.noticiasmas.com.ar\/index.php\/wp-json\/wp\/v2\/comments?post=9692"}],"version-history":[{"count":1,"href":"https:\/\/www.noticiasmas.com.ar\/index.php\/wp-json\/wp\/v2\/posts\/9692\/revisions"}],"predecessor-version":[{"id":9695,"href":"https:\/\/www.noticiasmas.com.ar\/index.php\/wp-json\/wp\/v2\/posts\/9692\/revisions\/9695"}],"wp:featuredmedia":[{"embeddable":true,"href":"https:\/\/www.noticiasmas.com.ar\/index.php\/wp-json\/wp\/v2\/media\/9693"}],"wp:attachment":[{"href":"https:\/\/www.noticiasmas.com.ar\/index.php\/wp-json\/wp\/v2\/media?parent=9692"}],"wp:term":[{"taxonomy":"category","embeddable":true,"href":"https:\/\/www.noticiasmas.com.ar\/index.php\/wp-json\/wp\/v2\/categories?post=9692"},{"taxonomy":"post_tag","embeddable":true,"href":"https:\/\/www.noticiasmas.com.ar\/index.php\/wp-json\/wp\/v2\/tags?post=9692"}],"curies":[{"name":"wp","href":"https:\/\/api.w.org\/{rel}","templated":true}]}}