{"id":9703,"date":"2024-09-23T10:36:48","date_gmt":"2024-09-23T13:36:48","guid":{"rendered":"https:\/\/www.noticiasmas.com.ar\/?p=9703"},"modified":"2024-09-23T10:36:51","modified_gmt":"2024-09-23T13:36:51","slug":"el-rio-parana-tiene-36-centimetros-de-altura-en-san-lorenzo-y-se-espera-una-situacion-de-bajante-historica","status":"publish","type":"post","link":"https:\/\/www.noticiasmas.com.ar\/index.php\/2024\/09\/23\/el-rio-parana-tiene-36-centimetros-de-altura-en-san-lorenzo-y-se-espera-una-situacion-de-bajante-historica\/","title":{"rendered":"El r\u00edo Paran\u00e1 tiene 36 cent\u00edmetros de altura en San Lorenzo y se espera una situaci\u00f3n de bajante hist\u00f3rica"},"content":{"rendered":"\n<p>La altura del r\u00edo Paran\u00e1 contin\u00faa descendiendo y se ubica hoy en los 36 cent\u00edmetros de altura. Desde mayo, el r\u00edo viene descendiendo en su nivel de forma constante, y las sequ\u00edas profundizar\u00e1n esta situaci\u00f3n.<\/p>\n\n\n\n<p>Es que desde el Instituto Nacional del Agua ya reconocieron que el r\u00edo est\u00e1 \u201cen crisis\u201d. \u201cEl d\u00e9ficit h\u00eddrico en los suelos se va incrementando y no hay una predicci\u00f3n de lluvias en el corto o mediano plazo\u201d, se\u00f1al\u00f3 Juan Borus, del \u00e1rea de Pron\u00f3stico Hidrol\u00f3gico en di\u00e1logo con Radio UNO.<\/p>\n\n\n\n<p>&#8220;Estamos viviendo un escenario largo que se enmarca en un ciclo que comenz\u00f3 en la \u00faltima parte del 2019. Hay que considerar que todo esto es continuaci\u00f3n de aquello sucedido en los a\u00f1os 2020, 2021 y 2022; especialmente en 2021, que fue extremadamente cr\u00edtico&#8221;, consider\u00f3 el especialista.<\/p>\n\n\n\n<p>La reciente medici\u00f3n de la Prefectura Naval Argentina da cuenta de que el r\u00edo contin\u00faa bajando y su altura apenas pasa los 30 cent\u00edmetros en esta regi\u00f3n. El canal navegable, sin embargo, presenta menores registros hacia el sur: 10 cent\u00edmetros en Escobar, 4 en Baradero, 7 en San Nicol\u00e1s y 18 en Villa Constituci\u00f3n.<\/p>\n\n\n\n<p>Los principales inconvenientes que trae esta situaci\u00f3n se orientan en sentido de la poca capacidad que tendr\u00e1 el r\u00edo de ser transitable para barcos, los cuales deber\u00e1n tambi\u00e9n limitar su capacidad de carga.<\/p>\n\n\n\n<p>La falta de lluvias en los afluentes m\u00e1s importantes del norte del Paran\u00e1 complican la situaci\u00f3n, a la vez que la sequ\u00eda generalizada en la que se encuentra la regi\u00f3n la potencia.<\/p>\n\n\n\n<p>Similares argumentos a lo ocurrido hace unos meses atr\u00e1s, los cuales se repiten y posiblemente se sigan dando en un futuro cercano.<\/p>\n","protected":false},"excerpt":{"rendered":"<p>La altura del r\u00edo Paran\u00e1 contin\u00faa descendiendo y se ubica hoy en los 36 cent\u00edmetros de altura. Desde mayo, el r\u00edo viene descendiendo en su nivel de forma constante, y las sequ\u00edas profundizar\u00e1n esta situaci\u00f3n. Es que desde el Instituto Nacional del Agua ya reconocieron que el r\u00edo est\u00e1 \u201cen crisis\u201d. \u201cEl d\u00e9ficit h\u00eddrico en [&hellip;]<\/p>\n","protected":false},"author":9,"featured_media":9705,"comment_status":"closed","ping_status":"open","sticky":false,"template":"","format":"standard","meta":{"tdm_status":"","tdm_grid_status":"","footnotes":""},"categories":[13],"tags":[2589,3165,70,58],"class_list":{"0":"post-9703","1":"post","2":"type-post","3":"status-publish","4":"format-standard","5":"has-post-thumbnail","7":"category-region","8":"tag-altura-rio","9":"tag-prefectura","10":"tag-rio-parana","11":"tag-san-lorenzo"},"_links":{"self":[{"href":"https:\/\/www.noticiasmas.com.ar\/index.php\/wp-json\/wp\/v2\/posts\/9703","targetHints":{"allow":["GET"]}}],"collection":[{"href":"https:\/\/www.noticiasmas.com.ar\/index.php\/wp-json\/wp\/v2\/posts"}],"about":[{"href":"https:\/\/www.noticiasmas.com.ar\/index.php\/wp-json\/wp\/v2\/types\/post"}],"author":[{"embeddable":true,"href":"https:\/\/www.noticiasmas.com.ar\/index.php\/wp-json\/wp\/v2\/users\/9"}],"replies":[{"embeddable":true,"href":"https:\/\/www.noticiasmas.com.ar\/index.php\/wp-json\/wp\/v2\/comments?post=9703"}],"version-history":[{"count":1,"href":"https:\/\/www.noticiasmas.com.ar\/index.php\/wp-json\/wp\/v2\/posts\/9703\/revisions"}],"predecessor-version":[{"id":9706,"href":"https:\/\/www.noticiasmas.com.ar\/index.php\/wp-json\/wp\/v2\/posts\/9703\/revisions\/9706"}],"wp:featuredmedia":[{"embeddable":true,"href":"https:\/\/www.noticiasmas.com.ar\/index.php\/wp-json\/wp\/v2\/media\/9705"}],"wp:attachment":[{"href":"https:\/\/www.noticiasmas.com.ar\/index.php\/wp-json\/wp\/v2\/media?parent=9703"}],"wp:term":[{"taxonomy":"category","embeddable":true,"href":"https:\/\/www.noticiasmas.com.ar\/index.php\/wp-json\/wp\/v2\/categories?post=9703"},{"taxonomy":"post_tag","embeddable":true,"href":"https:\/\/www.noticiasmas.com.ar\/index.php\/wp-json\/wp\/v2\/tags?post=9703"}],"curies":[{"name":"wp","href":"https:\/\/api.w.org\/{rel}","templated":true}]}}