{"id":9779,"date":"2024-09-25T09:16:59","date_gmt":"2024-09-25T12:16:59","guid":{"rendered":"https:\/\/www.noticiasmas.com.ar\/?p=9779"},"modified":"2024-09-25T09:17:02","modified_gmt":"2024-09-25T12:17:02","slug":"comienza-a-discutirse-en-el-congreso-la-privatizacion-de-aerolineas-argentinas","status":"publish","type":"post","link":"https:\/\/www.noticiasmas.com.ar\/index.php\/2024\/09\/25\/comienza-a-discutirse-en-el-congreso-la-privatizacion-de-aerolineas-argentinas\/","title":{"rendered":"Comienza a discutirse en el Congreso la privatizaci\u00f3n de Aerol\u00edneas Argentinas"},"content":{"rendered":"\n<p>El plenario de las comisiones de Transporte y Presupuesto y Hacienda de la C\u00e1mara de Diputados comenzar\u00e1 a debatir este mi\u00e9rcoles el proyecto de privatizaci\u00f3n de Aerol\u00edneas Argentinas.<\/p>\n\n\n\n<p>Presentado por el PRO y avalado por el Gobierno Nacional, el proyecto busca privatizar la aerol\u00ednea de bandera producto de un d\u00e9ficit operativo que aluden, los firmantes del escrito, ronda los 200 millones de d\u00f3lares.<\/p>\n\n\n\n<p>Entre el resto de los cuestionamientos tambi\u00e9n est\u00e1 la dotaci\u00f3n de pilotos, la cual entienden que este de 1200 pilotos de l\u00ednea para 81 aviones.<\/p>\n\n\n\n<p>Al momento de aprobar la Ley Bases, la privatizaci\u00f3n de Aerol\u00edneas hab\u00eda quedado a un costado por pedido de los bloques dialoguistas y de la oposici\u00f3n, pero ahora, desde el PRO volvieron a presionar para que esta venta de la empresa se efectivice y hoy comenzar\u00e1 esta discusi\u00f3n.<\/p>\n\n\n\n<p>En el medio, los sindicatos que nuclean al personal y a los pilotos sigue en estado de alerta tras una serie de medidas de fuerza que complicaron la operatividad de Aerol\u00edneas y perjudicaron a cientos de pasajeros.<\/p>\n\n\n\n<p>La votaci\u00f3n en c\u00e1mara baja podr\u00eda resultar positiva, al momento en que el proyecto concluya su tr\u00e1mite de comisiones, pero en Senadores es donde el gobierno conseguir\u00eda m\u00e1s contratiempos si quiere que esta medida se de antes de fin de a\u00f1o.<\/p>\n","protected":false},"excerpt":{"rendered":"<p>El plenario de las comisiones de Transporte y Presupuesto y Hacienda de la C\u00e1mara de Diputados comenzar\u00e1 a debatir este mi\u00e9rcoles el proyecto de privatizaci\u00f3n de Aerol\u00edneas Argentinas. Presentado por el PRO y avalado por el Gobierno Nacional, el proyecto busca privatizar la aerol\u00ednea de bandera producto de un d\u00e9ficit operativo que aluden, los firmantes [&hellip;]<\/p>\n","protected":false},"author":9,"featured_media":9780,"comment_status":"closed","ping_status":"open","sticky":false,"template":"","format":"standard","meta":{"tdm_status":"","tdm_grid_status":"","footnotes":""},"categories":[1],"tags":[2927,1261,789],"class_list":{"0":"post-9779","1":"post","2":"type-post","3":"status-publish","4":"format-standard","5":"has-post-thumbnail","7":"category-nacionales","8":"tag-aerolineas-argentinas-2","9":"tag-congreso","10":"tag-privatizaciones"},"_links":{"self":[{"href":"https:\/\/www.noticiasmas.com.ar\/index.php\/wp-json\/wp\/v2\/posts\/9779","targetHints":{"allow":["GET"]}}],"collection":[{"href":"https:\/\/www.noticiasmas.com.ar\/index.php\/wp-json\/wp\/v2\/posts"}],"about":[{"href":"https:\/\/www.noticiasmas.com.ar\/index.php\/wp-json\/wp\/v2\/types\/post"}],"author":[{"embeddable":true,"href":"https:\/\/www.noticiasmas.com.ar\/index.php\/wp-json\/wp\/v2\/users\/9"}],"replies":[{"embeddable":true,"href":"https:\/\/www.noticiasmas.com.ar\/index.php\/wp-json\/wp\/v2\/comments?post=9779"}],"version-history":[{"count":1,"href":"https:\/\/www.noticiasmas.com.ar\/index.php\/wp-json\/wp\/v2\/posts\/9779\/revisions"}],"predecessor-version":[{"id":9781,"href":"https:\/\/www.noticiasmas.com.ar\/index.php\/wp-json\/wp\/v2\/posts\/9779\/revisions\/9781"}],"wp:featuredmedia":[{"embeddable":true,"href":"https:\/\/www.noticiasmas.com.ar\/index.php\/wp-json\/wp\/v2\/media\/9780"}],"wp:attachment":[{"href":"https:\/\/www.noticiasmas.com.ar\/index.php\/wp-json\/wp\/v2\/media?parent=9779"}],"wp:term":[{"taxonomy":"category","embeddable":true,"href":"https:\/\/www.noticiasmas.com.ar\/index.php\/wp-json\/wp\/v2\/categories?post=9779"},{"taxonomy":"post_tag","embeddable":true,"href":"https:\/\/www.noticiasmas.com.ar\/index.php\/wp-json\/wp\/v2\/tags?post=9779"}],"curies":[{"name":"wp","href":"https:\/\/api.w.org\/{rel}","templated":true}]}}