{"id":9831,"date":"2024-09-26T22:04:03","date_gmt":"2024-09-27T01:04:03","guid":{"rendered":"https:\/\/www.noticiasmas.com.ar\/?p=9831"},"modified":"2024-09-26T22:04:07","modified_gmt":"2024-09-27T01:04:07","slug":"finanzas-para-jovenes-charla-especial-sobre-economia-y-futuro-en-granadero-baigorria","status":"publish","type":"post","link":"https:\/\/www.noticiasmas.com.ar\/index.php\/2024\/09\/26\/finanzas-para-jovenes-charla-especial-sobre-economia-y-futuro-en-granadero-baigorria\/","title":{"rendered":"Finanzas para j\u00f3venes: charla especial sobre econom\u00eda y futuro en Granadero Baigorria"},"content":{"rendered":"\n<p>La municipalidad de Granadero Baigorria organiza una charla destinada principalmente a j\u00f3venes de la ciudad y la regi\u00f3n que busquen saber c\u00f3mo llevar adelante sus finanzas de cara al ingreso al mercado laboral.<\/p>\n\n\n\n<p>Este martes 1 de octubre, desde las 18 horas en el Centro Cultural &#8220;Cholo Montironi&#8221; -Constancio C. Vigil y El Rosedal, se realizar\u00e1 una charla sobre &#8220;Finanzas para j\u00f3venes: tips y herramientas para planificar tu futuro econ\u00f3mico&#8221;. La charla estar\u00e1 a cargo de la Lic. Luc\u00eda Pignani y es libre y gratuita.<\/p>\n\n\n\n<p>\u201cVamos a conversar sobre organizaci\u00f3n financiera, objetivos con respecto al dinero, ahorro, inversiones. Apuntamos a j\u00f3venes de alrededor de 18 a\u00f1os, pensando que es esta la poblaci\u00f3n interesada en el tema, puesto que son aquellos que necesitan herramientas para pensar en un futuro cercano\u201d, destac\u00f3 Luciano Maglia, jefe de Gabinete municipal e ide\u00f3logo de la actividad.<\/p>\n\n\n\n<p>La charla estar\u00e1 a cargo de la Lic. Luc\u00eda Pignani, especialista en la materia que abordar\u00e1 el camino financiero personal. \u201cSe parte de un diagn\u00f3stico, saber d\u00f3nde est\u00e1n parados. En este momento los j\u00f3venes aprenden a utilizar un instrumento fundamental y poderoso que es el presupuesto. Luego, a partir de eso se pueden definir los objetivos financieros\u201d, destac\u00f3 Luciano Maglia.<\/p>\n\n\n\n<p>Aquellos que quieran participar de la charlar deben anotarse previamente en el siguiente link:&nbsp;<a href=\"https:\/\/docs.google.com\/forms\/u\/2\/d\/1EdHduqnr4M-OavkW8nTHdtzDyYt1YzxISnaJ11i5zkg\/edit#settings\" target=\"_blank\" rel=\"noreferrer noopener\">https:\/\/docs.google.com\/forms\/u\/2\/d\/1EdHduqnr4M-OavkW8nTHdtzDyYt1YzxISnaJ11i5zkg\/edit#settings<\/a><\/p>\n","protected":false},"excerpt":{"rendered":"<p>La municipalidad de Granadero Baigorria organiza una charla destinada principalmente a j\u00f3venes de la ciudad y la regi\u00f3n que busquen saber c\u00f3mo llevar adelante sus finanzas de cara al ingreso al mercado laboral. Este martes 1 de octubre, desde las 18 horas en el Centro Cultural &#8220;Cholo Montironi&#8221; -Constancio C. Vigil y El Rosedal, se [&hellip;]<\/p>\n","protected":false},"author":5,"featured_media":9832,"comment_status":"closed","ping_status":"open","sticky":false,"template":"","format":"standard","meta":{"tdm_status":"","tdm_grid_status":"","footnotes":""},"categories":[13],"tags":[3199,3162,246],"class_list":{"0":"post-9831","1":"post","2":"type-post","3":"status-publish","4":"format-standard","5":"has-post-thumbnail","7":"category-region","8":"tag-economia-y-futuro","9":"tag-educacion-financiera","10":"tag-granadero-baigorria"},"_links":{"self":[{"href":"https:\/\/www.noticiasmas.com.ar\/index.php\/wp-json\/wp\/v2\/posts\/9831","targetHints":{"allow":["GET"]}}],"collection":[{"href":"https:\/\/www.noticiasmas.com.ar\/index.php\/wp-json\/wp\/v2\/posts"}],"about":[{"href":"https:\/\/www.noticiasmas.com.ar\/index.php\/wp-json\/wp\/v2\/types\/post"}],"author":[{"embeddable":true,"href":"https:\/\/www.noticiasmas.com.ar\/index.php\/wp-json\/wp\/v2\/users\/5"}],"replies":[{"embeddable":true,"href":"https:\/\/www.noticiasmas.com.ar\/index.php\/wp-json\/wp\/v2\/comments?post=9831"}],"version-history":[{"count":1,"href":"https:\/\/www.noticiasmas.com.ar\/index.php\/wp-json\/wp\/v2\/posts\/9831\/revisions"}],"predecessor-version":[{"id":9833,"href":"https:\/\/www.noticiasmas.com.ar\/index.php\/wp-json\/wp\/v2\/posts\/9831\/revisions\/9833"}],"wp:featuredmedia":[{"embeddable":true,"href":"https:\/\/www.noticiasmas.com.ar\/index.php\/wp-json\/wp\/v2\/media\/9832"}],"wp:attachment":[{"href":"https:\/\/www.noticiasmas.com.ar\/index.php\/wp-json\/wp\/v2\/media?parent=9831"}],"wp:term":[{"taxonomy":"category","embeddable":true,"href":"https:\/\/www.noticiasmas.com.ar\/index.php\/wp-json\/wp\/v2\/categories?post=9831"},{"taxonomy":"post_tag","embeddable":true,"href":"https:\/\/www.noticiasmas.com.ar\/index.php\/wp-json\/wp\/v2\/tags?post=9831"}],"curies":[{"name":"wp","href":"https:\/\/api.w.org\/{rel}","templated":true}]}}