{"id":9904,"date":"2024-09-30T15:11:15","date_gmt":"2024-09-30T18:11:15","guid":{"rendered":"https:\/\/www.noticiasmas.com.ar\/?p=9904"},"modified":"2024-09-30T15:27:39","modified_gmt":"2024-09-30T18:27:39","slug":"alerta-en-soea-por-la-creacion-de-un-nuevo-gremio-aceitero-en-san-lorenzo","status":"publish","type":"post","link":"https:\/\/www.noticiasmas.com.ar\/index.php\/2024\/09\/30\/alerta-en-soea-por-la-creacion-de-un-nuevo-gremio-aceitero-en-san-lorenzo\/","title":{"rendered":"Alerta en SOEA por la creaci\u00f3n de un nuevo gremio aceitero en San Lorenzo"},"content":{"rendered":"\n<p>El pasado 23 de septiembre, el <strong>Gobierno Nacional<\/strong> otorg\u00f3 mediante<strong> Bolet\u00edn Oficial <\/strong>la personer\u00eda gremial a la <strong>Asociaci\u00f3n de Supervisores y T\u00e9cnicos de la Industria Aceitera y de Biodiesel de la Rep\u00fablica Argentina (ASIABRA)<\/strong>, y desde el S<strong>indicato de Obreros y Empleados Aceiteros del Departamento San Lorenzo <\/strong>salieron a aclarar la situaci\u00f3n en cuanto a alcances y jerarqu\u00edas de cada entidad.<\/p>\n\n\n\n<p>El secretario general del <strong>SOEA<\/strong>, <strong>Daniel Succi<\/strong>, no escatim\u00f3 en responsabilizar al Ejecutivo nacional en la promoci\u00f3n de este nuevo sindicato, aunque tambi\u00e9n se\u00f1al\u00f3 a algunas empresas del sur del Gran Rosario, en donde los aceiteros son afiliados a la Federaci\u00f3n.<\/p>\n\n\n\n<p>\u201cEn lo que vimos, la Federaci\u00f3n le dio la derecha porque ellos no tienen a los supervisores dentro del convenio. <strong>Lo nuestro es totalmente distinto y no vamos a permitir que se metan ac\u00e1.<\/strong> Cuando me entere que hay uno molestando en alguna fabrica me paro en la puerta\u201d, dijo sin miramientos Succi en di\u00e1logo con Noticias Mas.<\/p>\n\n\n\n<p>Este sindicato de supervisores fue creado en 2014, y pese a tener domicilio legal en la ciudad de San Lorenzo, no puede afiliar empleados dentro del Departamento, situaci\u00f3n que s\u00ed se le permite en Rosario y Villa Constituci\u00f3n, como tambi\u00e9n en Bah\u00eda Blanca. ASIABRA est\u00e1 autorizada a agrupar a los supervisores, jefes y analistas que trabajen en relaci\u00f3n de dependencia con establecimientos dedicados a la industria aceitera.<\/p>\n\n\n\n<p>Seg\u00fan Resoluci\u00f3n 619\/2024, tendr\u00e1 zona de actuaci\u00f3n en los departamentos santafesinos de Caseros, San Mart\u00edn, General Obligado, Rosario y Constituci\u00f3n, y en el partido de Bah\u00eda Blanca, en la provincia de Buenos Aires.<\/p>\n\n\n\n<figure class=\"wp-block-image size-large\"><img loading=\"lazy\" decoding=\"async\" width=\"1024\" height=\"500\" src=\"https:\/\/www.noticiasmas.com.ar\/wp-content\/uploads\/2024\/09\/asiabrasindicao-1024x500.jpg\" alt=\"\" class=\"wp-image-9906\" srcset=\"https:\/\/www.noticiasmas.com.ar\/wp-content\/uploads\/2024\/09\/asiabrasindicao-1024x500.jpg 1024w, https:\/\/www.noticiasmas.com.ar\/wp-content\/uploads\/2024\/09\/asiabrasindicao-300x146.jpg 300w, https:\/\/www.noticiasmas.com.ar\/wp-content\/uploads\/2024\/09\/asiabrasindicao-768x375.jpg 768w, https:\/\/www.noticiasmas.com.ar\/wp-content\/uploads\/2024\/09\/asiabrasindicao-1536x749.jpg 1536w, https:\/\/www.noticiasmas.com.ar\/wp-content\/uploads\/2024\/09\/asiabrasindicao-150x73.jpg 150w, https:\/\/www.noticiasmas.com.ar\/wp-content\/uploads\/2024\/09\/asiabrasindicao-696x340.jpg 696w, https:\/\/www.noticiasmas.com.ar\/wp-content\/uploads\/2024\/09\/asiabrasindicao-1068x521.jpg 1068w, https:\/\/www.noticiasmas.com.ar\/wp-content\/uploads\/2024\/09\/asiabrasindicao-1920x937.jpg 1920w, https:\/\/www.noticiasmas.com.ar\/wp-content\/uploads\/2024\/09\/asiabrasindicao.jpg 2048w\" sizes=\"auto, (max-width: 1024px) 100vw, 1024px\" \/><\/figure>\n\n\n\n<p>\u201cEsto es un poco del lado del Gobierno, porque hace del 2014 que vienen como asociaci\u00f3n y justo ahora le dieron personer\u00eda, menos en el departamento, pero viste como son las empresas con los fuera de convenio, <strong>los van a obligar <\/strong>para que vayan de ese lado para romper la hegemon\u00eda que tenemos nosotros\u201d, afirm\u00f3 Succi.<\/p>\n\n\n\n<p>El dirigente gremial se\u00f1al\u00f3 a la empresa Cargill como una de las impulsoras de la movilizaci\u00f3n de esta entidad gremial, pero aclar\u00f3 que \u201cno hay nada que hablar\u201d en cuanto a la afiliaci\u00f3n de trabajadores por parte de uno u otro sindicato.<\/p>\n\n\n\n<p>\u201cYo no tengo nada que hablar, est\u00e1 todo bien y punto, <strong>el d\u00eda que se metan con nosotros nos van a ver en la puerta de la f\u00e1brica y ah\u00ed vamos a charlar\u201d<\/strong>, dijo Succi.<\/p>\n\n\n\n<p>Por \u00faltimo, Succi agreg\u00f3 que es un &#8220;llamado de atenci\u00f3n&#8221; para el movimiento sindical regional. <\/p>\n","protected":false},"excerpt":{"rendered":"<p>El pasado 23 de septiembre, el Gobierno Nacional otorg\u00f3 mediante Bolet\u00edn Oficial la personer\u00eda gremial a la Asociaci\u00f3n de Supervisores y T\u00e9cnicos de la Industria Aceitera y de Biodiesel de la Rep\u00fablica Argentina (ASIABRA), y desde el Sindicato de Obreros y Empleados Aceiteros del Departamento San Lorenzo salieron a aclarar la situaci\u00f3n en cuanto a [&hellip;]<\/p>\n","protected":false},"author":9,"featured_media":9905,"comment_status":"closed","ping_status":"open","sticky":false,"template":"","format":"standard","meta":{"tdm_status":"","tdm_grid_status":"","footnotes":""},"categories":[13],"tags":[254,2231,3212,536,54,3211],"class_list":{"0":"post-9904","1":"post","2":"type-post","3":"status-publish","4":"format-standard","5":"has-post-thumbnail","7":"category-region","8":"tag-aceiteros","9":"tag-boletin-oficial","10":"tag-industria-aceitera","11":"tag-sindicato","12":"tag-soea","13":"tag-supervisores"},"_links":{"self":[{"href":"https:\/\/www.noticiasmas.com.ar\/index.php\/wp-json\/wp\/v2\/posts\/9904","targetHints":{"allow":["GET"]}}],"collection":[{"href":"https:\/\/www.noticiasmas.com.ar\/index.php\/wp-json\/wp\/v2\/posts"}],"about":[{"href":"https:\/\/www.noticiasmas.com.ar\/index.php\/wp-json\/wp\/v2\/types\/post"}],"author":[{"embeddable":true,"href":"https:\/\/www.noticiasmas.com.ar\/index.php\/wp-json\/wp\/v2\/users\/9"}],"replies":[{"embeddable":true,"href":"https:\/\/www.noticiasmas.com.ar\/index.php\/wp-json\/wp\/v2\/comments?post=9904"}],"version-history":[{"count":2,"href":"https:\/\/www.noticiasmas.com.ar\/index.php\/wp-json\/wp\/v2\/posts\/9904\/revisions"}],"predecessor-version":[{"id":9908,"href":"https:\/\/www.noticiasmas.com.ar\/index.php\/wp-json\/wp\/v2\/posts\/9904\/revisions\/9908"}],"wp:featuredmedia":[{"embeddable":true,"href":"https:\/\/www.noticiasmas.com.ar\/index.php\/wp-json\/wp\/v2\/media\/9905"}],"wp:attachment":[{"href":"https:\/\/www.noticiasmas.com.ar\/index.php\/wp-json\/wp\/v2\/media?parent=9904"}],"wp:term":[{"taxonomy":"category","embeddable":true,"href":"https:\/\/www.noticiasmas.com.ar\/index.php\/wp-json\/wp\/v2\/categories?post=9904"},{"taxonomy":"post_tag","embeddable":true,"href":"https:\/\/www.noticiasmas.com.ar\/index.php\/wp-json\/wp\/v2\/tags?post=9904"}],"curies":[{"name":"wp","href":"https:\/\/api.w.org\/{rel}","templated":true}]}}