{"id":9936,"date":"2024-10-01T09:05:47","date_gmt":"2024-10-01T12:05:47","guid":{"rendered":"https:\/\/www.noticiasmas.com.ar\/?p=9936"},"modified":"2024-10-01T09:05:50","modified_gmt":"2024-10-01T12:05:50","slug":"marcha-universitaria-en-rosario-la-concentracion-se-realizara-en-plaza-montenegro","status":"publish","type":"post","link":"https:\/\/www.noticiasmas.com.ar\/index.php\/2024\/10\/01\/marcha-universitaria-en-rosario-la-concentracion-se-realizara-en-plaza-montenegro\/","title":{"rendered":"Marcha Universitaria en Rosario: la concentraci\u00f3n se realizar\u00e1 en Plaza Montenegro"},"content":{"rendered":"\n<p>Cientos de estudiantes universitarios y personas ligadas al universo educativo se concentrar\u00e1n este mi\u00e9rcoles 2 de octubre en la Plaza Montenegro del microcentro de la ciudad de Rosario.<\/p>\n\n\n\n<p>Las actividades comenzar\u00e1n a las 17 horas, seg\u00fan la convocatoria realizada por miembros de la &nbsp;Universidad Nacional de Rosario (UNR), del gremio de trabajadores no docentes (APUR), de la Asociaci\u00f3n Gremial de Docentes (COAD), y de la Federaci\u00f3n Universitaria de Rosario (FUR).<\/p>\n\n\n\n<p>Desde ese punto, la concentraci\u00f3n organizar\u00e1 una marcha hacia el Monumento a la Bandera, la cual deber\u00eda concluir a las 18:30 con el acto central en el sitio hist\u00f3rico.<\/p>\n\n\n\n<p>El pedido principal es el pedido de que no haya un veto a la ley de Financiamiento Universitario, normativa aprobada por el Congreso y que el presidente Javier Milei ya adelant\u00f3 en reiteradas oportunidades que vetar\u00e1 luego de la marcha, que tendr\u00e1 una importante r\u00e9plica en el centro porte\u00f1o, con una movilizaci\u00f3n desde la Plaza del Congreso hacia Plaza de Mayo.<\/p>\n\n\n\n<p>El fin de la Ley de Financiamiento es declarar la emergencia presupuestaria del sistema universitario y \u201catenuar, ante el aumento de los costos de los bienes y servicios esenciales, el impacto que los mismos tienen para los compromisos salariales y los gastos de funcionamiento\u201d.<\/p>\n\n\n\n<p>En ese aspecto, el art\u00edculo segundo se\u00f1ala que \u201cde los recursos asignados en el ejercicio presupuestario anual destinados a las Universidades Nacionales se debe respetar la relaci\u00f3n de ochenta y cinco por ciento para gastos de salarios y de quince por ciento para gastos generales y de funcionamiento\u201d.<\/p>\n\n\n\n<p>Es decir, se actualizar\u00edan las partidas presupuestarias del Presupuesto 2023 seg\u00fan inflaci\u00f3n acumulada, y se sumar\u00eda un incremento bimestral seg\u00fan la evoluci\u00f3n del IPC.<\/p>\n","protected":false},"excerpt":{"rendered":"<p>Cientos de estudiantes universitarios y personas ligadas al universo educativo se concentrar\u00e1n este mi\u00e9rcoles 2 de octubre en la Plaza Montenegro del microcentro de la ciudad de Rosario. Las actividades comenzar\u00e1n a las 17 horas, seg\u00fan la convocatoria realizada por miembros de la &nbsp;Universidad Nacional de Rosario (UNR), del gremio de trabajadores no docentes (APUR), [&hellip;]<\/p>\n","protected":false},"author":9,"featured_media":9937,"comment_status":"closed","ping_status":"open","sticky":false,"template":"","format":"standard","meta":{"tdm_status":"","tdm_grid_status":"","footnotes":""},"categories":[13],"tags":[3225,2141,163,571,546],"class_list":{"0":"post-9936","1":"post","2":"type-post","3":"status-publish","4":"format-standard","5":"has-post-thumbnail","7":"category-region","8":"tag-ley-de-financiamiento-universitario","9":"tag-marcha-universitaria","10":"tag-rosario","11":"tag-transito","12":"tag-unr"},"_links":{"self":[{"href":"https:\/\/www.noticiasmas.com.ar\/index.php\/wp-json\/wp\/v2\/posts\/9936","targetHints":{"allow":["GET"]}}],"collection":[{"href":"https:\/\/www.noticiasmas.com.ar\/index.php\/wp-json\/wp\/v2\/posts"}],"about":[{"href":"https:\/\/www.noticiasmas.com.ar\/index.php\/wp-json\/wp\/v2\/types\/post"}],"author":[{"embeddable":true,"href":"https:\/\/www.noticiasmas.com.ar\/index.php\/wp-json\/wp\/v2\/users\/9"}],"replies":[{"embeddable":true,"href":"https:\/\/www.noticiasmas.com.ar\/index.php\/wp-json\/wp\/v2\/comments?post=9936"}],"version-history":[{"count":1,"href":"https:\/\/www.noticiasmas.com.ar\/index.php\/wp-json\/wp\/v2\/posts\/9936\/revisions"}],"predecessor-version":[{"id":9938,"href":"https:\/\/www.noticiasmas.com.ar\/index.php\/wp-json\/wp\/v2\/posts\/9936\/revisions\/9938"}],"wp:featuredmedia":[{"embeddable":true,"href":"https:\/\/www.noticiasmas.com.ar\/index.php\/wp-json\/wp\/v2\/media\/9937"}],"wp:attachment":[{"href":"https:\/\/www.noticiasmas.com.ar\/index.php\/wp-json\/wp\/v2\/media?parent=9936"}],"wp:term":[{"taxonomy":"category","embeddable":true,"href":"https:\/\/www.noticiasmas.com.ar\/index.php\/wp-json\/wp\/v2\/categories?post=9936"},{"taxonomy":"post_tag","embeddable":true,"href":"https:\/\/www.noticiasmas.com.ar\/index.php\/wp-json\/wp\/v2\/tags?post=9936"}],"curies":[{"name":"wp","href":"https:\/\/api.w.org\/{rel}","templated":true}]}}