{"id":9943,"date":"2024-10-01T09:49:47","date_gmt":"2024-10-01T12:49:47","guid":{"rendered":"https:\/\/www.noticiasmas.com.ar\/?p=9943"},"modified":"2024-10-01T09:49:50","modified_gmt":"2024-10-01T12:49:50","slug":"provincia-recuerda-la-importancia-de-la-deteccion-temprana-del-cancer-de-mama","status":"publish","type":"post","link":"https:\/\/www.noticiasmas.com.ar\/index.php\/2024\/10\/01\/provincia-recuerda-la-importancia-de-la-deteccion-temprana-del-cancer-de-mama\/","title":{"rendered":"Provincia recuerda la importancia de la detecci\u00f3n temprana del c\u00e1ncer de mama"},"content":{"rendered":"\n<p>La Agencia Provincial de Control del C\u00e1ncer organiza jornadas de concientizaci\u00f3n sobre la importancia de realizar controles peri\u00f3dicos y cu\u00e1les son los servicios que brinda la salud p\u00fablica de manera gratuita.<\/p>\n\n\n\n<p>En el marco del mes de la concientizaci\u00f3n sobre el c\u00e1ncer de mama, el Ministerio de Salud y su Agencia de Control del C\u00e1ncer invitan a sumarse a las actividades que se desarrollar\u00e1n a lo largo de toda la provincia durante octubre.<\/p>\n\n\n\n<p>Se trata de jornadas, caminatas, charlas de concientizaci\u00f3n y actividades que tendr\u00e1n lugar en toda la provincia, por iniciativa de distintas comunas y entidades impulsadas por la Agencia de Control del C\u00e1ncer para la difusi\u00f3n de acciones de detecci\u00f3n temprana de una enfermedad que afecta a una de cada ocho mujeres; que representa el tumor m\u00e1s frecuente, y que m\u00e1s muertes por c\u00e1ncer provoca en mujeres de todo el mundo.<\/p>\n\n\n\n<p>Desde la Agencia recordaron que si bien el c\u00e1ncer de mama no puede prevenirse, es muy importante realizar una detecci\u00f3n temprana, que aumenta hasta en un 90% sus posibilidades de cura. Esto se hace realizando una mamograf\u00eda, un estudio que detecta tumores que a\u00fan no llegan a palparse.<\/p>\n\n\n\n<p>\u201cDecimos que el mes de octubre es un mes rosa porque la concientizaci\u00f3n durante este mes es clave para que las mujeres se realicen controles peri\u00f3dicos, que en este tipo de c\u00e1ncer tienen tanta importancia. El 50% de los casos de c\u00e1ncer de mama se diagnostican en etapas avanzadas, a\u00fan cuando podr\u00edan detectarse tempranamente. Muchas veces cuesta hacerse tiempo para hacerse un control, pero debemos entender su importancia: mujeres entre 50 y 69 a\u00f1os deben hacerse una mamograf\u00eda cada a\u00f1o; y muchas mujeres de menor edad deben hacerlo antes, seg\u00fan lo indique su m\u00e9dico\u201d, remarc\u00f3 al respecto Alejandro Chinellato, director de la Agencia provincial de Control del C\u00e1ncer.<\/p>\n\n\n\n<p>El m\u00e9dico radioterapeuta record\u00f3 la fortaleza del sistema p\u00fablico de salud de toda la provincia para acompa\u00f1ar a las mujeres en esta concientizaci\u00f3n de controles m\u00e9dicos y estudios, e incluso tratamientos para quienes lo requieran: \u201ctanto en los Centros de Salud, donde se gestionan turnos para mamograf\u00eda, hasta en diagn\u00f3stico por im\u00e1genes o punciones, entre otro tipo de estudios que se pueden realizar en hospitales, y obviamente tratamientos oncol\u00f3gicos en caso de que se requiera. La atenci\u00f3n p\u00fablica de toda la provincia tiene a disposici\u00f3n todos las instancias de diagn\u00f3stico y tratamiento necesarias, es muy importante que todas las mujeres lo sepan, y que sepan tambi\u00e9n que en los casos de c\u00e1ncer de mama cuando antes se detecten mayor es la posibilidad de cura\u201d.<\/p>\n\n\n\n<p><strong>Agenda<\/strong><br>-Viernes 4, a las 10.30 horas, en el Complejo Industrial de Timb\u00faes.<br>Charla sobre Diagn\u00f3stico oportuno a cargo del Dr. Luciano Mignini, m\u00e9dico mast\u00f3logo y referente del Programa de Detecci\u00f3n Temprana del C\u00e1ncer de Mama de la Agencia de Control del C\u00e1ncer.<\/p>\n\n\n\n<p>-Domingo 6, desde las 9 horas, en Granadero Baigorria.<br>Caminata Rosa. Salida desde el Hospital Eva Per\u00f3n, Av. San Mart\u00edn 1645 Granadero Baigorri, hacia parque Eva Per\u00f3n.<br>Organizan: Municipalidad de Granadero Baigorria, Hospital Escuela \u201cEva Per\u00f3n\u201d, Agencia de Control del C\u00e1ncer y Lalcec.<\/p>\n\n\n\n<p>-Domingo 6, desde las 9.30 horas, en Santo Tom\u00e9.<br>Caminata Santoto Rosa. Salida desde Avenida 7 de marzo y Belgrano, hasta el Anfiteatro de Santo Tom\u00e9.<br>Organizan: Centro M\u00e9dico TEMA SA, Emprenred, la Red de Empresas de Santa Fe y Agencia de Control del C\u00e1ncer.<\/p>\n\n\n\n<p>-Jueves 10, en AMR (Pellegrini 960), Venado Tuerto.<br>Jornada de concientizaci\u00f3n. Charla sobre diagn\u00f3stico oportuno y tratamiento a cargo del Dr. Luciano Mignini, referente de la Agencia de Control del C\u00e1ncer.<\/p>\n\n\n\n<p>-Domingo 13, desde las 15 horas (9 de Julio 2210), en San Justo.<br>Caminata Rosa, junto a gimnasios de la ciudad.<br>Organizan: Asociaci\u00f3n Civil Abrazos para Sanar<\/p>\n\n\n\n<p>-Lunes 14, de 8.30 a 12.30 horas, en Peatonal Peatonal San Mart\u00edn, ciudad de Santa Fe.<br>Informaci\u00f3n de prevenci\u00f3n y entrega de turnos para mamograf\u00eda en CEMAFE.<br>Organizan: Agencia de Control del C\u00e1ncer y su Unidad Funcional de Mama.<\/p>\n\n\n\n<p>-Viernes 18, a las 9 horas en Mendoza 2419, Santa Fe.<br>Jornada cient\u00edfica en CEMAFE por el 9\u00b0 aniversario de la Unidad Funcional de mama. Charlas a profesionales de la salud.<\/p>\n\n\n\n<p>-S\u00e1bado 19, a las 9.30 horas, en sede Alcec (Urquiza 1710), Villa Constituci\u00f3n.<br>Charla a la comunidad sobre concientizaci\u00f3n del c\u00e1ncer de mama, a cargo del Dr. Luciano Mignini, de la Agencia de Control del C\u00e1ncer.<\/p>\n\n\n\n<p>-Lunes 21 al viernes 25, de 8.30 a 12.30 horas, Explanada de CEMAFE (Mendoza 2419), Santa Fe<br>Feria de Salud por el c\u00e1ncer de mama en CEMAFE. Semana de la salud de la mujer, con estaciones saludables, prevenci\u00f3n, clases de actividad f\u00edsica, charlas de sexualidad, talleres de cuidado de la piel y maquillaje para pacientes oncol\u00f3gicas.<\/p>\n\n\n\n<p>-Viernes 25, de 9 a 12 horas, en CEMAFE, Santa Fe.<br>Charla sobre sexualidad en pacientes oncol\u00f3gicas y taller de autocuidado cosm\u00e9tico en Auditorio Cemafe.<\/p>\n\n\n\n<p>-Domingo 27, desde las 9 horas, en Rosario.<br>Caminata Rosa en Rosario. Salida desde el r\u00edo Paran\u00e1 a las 9 hs en el cartel de Rosario, por Bv Oro\u00f1o hasta el Museo Castagnino, Oro\u00f1o y Pellegrini. Inscripci\u00f3n previa en @caminatarosa<br>Organizan: CEMA, asociaciones de pacientes de la regi\u00f3n y Agencia de Control del C\u00e1ncer.<\/p>\n\n\n\n<p>Adem\u00e1s, durante todo el mes se realizan acciones de charlas virtuales de prevenci\u00f3n y diagn\u00f3stico temprano de c\u00e1ncer de mama. La Agencia de Control del C\u00e1ncer dict\u00f3 durante septiembre capacitaciones virtuales para los empleados de las empresas que integran Emprenred, la red de empresas de Santa Fe a cargo de la Dra. Milagros Cuenca, ginec\u00f3loga especialista en mastolog\u00eda y referente del Programa de prevenci\u00f3n de la ACC.<\/p>\n","protected":false},"excerpt":{"rendered":"<p>La Agencia Provincial de Control del C\u00e1ncer organiza jornadas de concientizaci\u00f3n sobre la importancia de realizar controles peri\u00f3dicos y cu\u00e1les son los servicios que brinda la salud p\u00fablica de manera gratuita. En el marco del mes de la concientizaci\u00f3n sobre el c\u00e1ncer de mama, el Ministerio de Salud y su Agencia de Control del C\u00e1ncer [&hellip;]<\/p>\n","protected":false},"author":3,"featured_media":9944,"comment_status":"closed","ping_status":"open","sticky":false,"template":"","format":"standard","meta":{"tdm_status":"","tdm_grid_status":"","footnotes":""},"categories":[14],"tags":[3229,3227,3228,3226,498],"class_list":{"0":"post-9943","1":"post","2":"type-post","3":"status-publish","4":"format-standard","5":"has-post-thumbnail","7":"category-provinciales","8":"tag-caminatas","9":"tag-cancer-de-mama","10":"tag-charlas","11":"tag-octubre-rosa","12":"tag-prevencion"},"_links":{"self":[{"href":"https:\/\/www.noticiasmas.com.ar\/index.php\/wp-json\/wp\/v2\/posts\/9943","targetHints":{"allow":["GET"]}}],"collection":[{"href":"https:\/\/www.noticiasmas.com.ar\/index.php\/wp-json\/wp\/v2\/posts"}],"about":[{"href":"https:\/\/www.noticiasmas.com.ar\/index.php\/wp-json\/wp\/v2\/types\/post"}],"author":[{"embeddable":true,"href":"https:\/\/www.noticiasmas.com.ar\/index.php\/wp-json\/wp\/v2\/users\/3"}],"replies":[{"embeddable":true,"href":"https:\/\/www.noticiasmas.com.ar\/index.php\/wp-json\/wp\/v2\/comments?post=9943"}],"version-history":[{"count":1,"href":"https:\/\/www.noticiasmas.com.ar\/index.php\/wp-json\/wp\/v2\/posts\/9943\/revisions"}],"predecessor-version":[{"id":9945,"href":"https:\/\/www.noticiasmas.com.ar\/index.php\/wp-json\/wp\/v2\/posts\/9943\/revisions\/9945"}],"wp:featuredmedia":[{"embeddable":true,"href":"https:\/\/www.noticiasmas.com.ar\/index.php\/wp-json\/wp\/v2\/media\/9944"}],"wp:attachment":[{"href":"https:\/\/www.noticiasmas.com.ar\/index.php\/wp-json\/wp\/v2\/media?parent=9943"}],"wp:term":[{"taxonomy":"category","embeddable":true,"href":"https:\/\/www.noticiasmas.com.ar\/index.php\/wp-json\/wp\/v2\/categories?post=9943"},{"taxonomy":"post_tag","embeddable":true,"href":"https:\/\/www.noticiasmas.com.ar\/index.php\/wp-json\/wp\/v2\/tags?post=9943"}],"curies":[{"name":"wp","href":"https:\/\/api.w.org\/{rel}","templated":true}]}}