{"id":9989,"date":"2024-10-02T15:25:06","date_gmt":"2024-10-02T18:25:06","guid":{"rendered":"https:\/\/www.noticiasmas.com.ar\/?p=9989"},"modified":"2024-10-02T15:25:09","modified_gmt":"2024-10-02T18:25:09","slug":"san-lorenzo-lucio-sus-atractivos-turisticos-en-la-feria-internacional-de-turismo-de-buenos-aires","status":"publish","type":"post","link":"https:\/\/www.noticiasmas.com.ar\/index.php\/2024\/10\/02\/san-lorenzo-lucio-sus-atractivos-turisticos-en-la-feria-internacional-de-turismo-de-buenos-aires\/","title":{"rendered":"San Lorenzo luci\u00f3 sus atractivos tur\u00edsticos en la Feria Internacional de Turismo de Buenos Aires"},"content":{"rendered":"\n<p>La ciudad ocup\u00f3 un lugar central en una de las cinco ferias tur\u00edsticas m\u00e1s importantes del mundo. En diferentes formatos, el \u00e1rea de Turismo de la Municipalidad exhibi\u00f3 sus museos interactivos y su privilegiado acceso al r\u00edo Paran\u00e1, entre otros elementos de su valioso patrimonio.<\/p>\n\n\n\n<p>San Lorenzo exhibi\u00f3 sus atracciones tur\u00edsticas en la Feria Internacional de Turismo, desarrollada entre el 28 de septiembre y el 1\u00ba de octubre en La Rural de Buenos Aires. Personal de la Subsecretar\u00eda de Desarrollo Local, Producci\u00f3n, Empleo y Turismo, encabezado por la subsecretaria Delfina Cavagnero, mostr\u00f3 por qu\u00e9 San Lorenzo es un destino tentador, no s\u00f3lo para los contingentes estudiantiles, sino tambi\u00e9n para el turismo receptivo en general.<\/p>\n\n\n\n<p>En diferentes formatos, se exhibieron los museos interactivos, todo el circuito hist\u00f3rico y el balc\u00f3n al r\u00edo Paran\u00e1 con su valioso patrimonio natural y el enorme complejo agroexportador. Tambi\u00e9n formaron parte de la vidriera sanlorencina el Polideportivo Municipal con su parque acu\u00e1tico, las plazas con imponentes juegos y el renovado centro comercial a cielo abierto, as\u00ed como la nutrida actividad cultural que despliega la ciudad.<\/p>\n\n\n\n<p>Adem\u00e1s, como escenario del \u00fanico combate del Padre de la Patria en suelo patrio, San Lorenzo estrech\u00f3 v\u00ednculos y comenz\u00f3 a dise\u00f1ar una agenda de actividades con localidades sanmartinianas de todo el pa\u00eds.<\/p>\n\n\n\n<p><strong>Qu\u00e9 es la FIT<br><\/strong>La Feria Internacional del Turismo es una de las cinco m\u00e1s importantes del mundo y la m\u00e1s relevante de la regi\u00f3n.<\/p>\n\n\n\n<p>Hubo cientos de mayoristas, touroperadores, compa\u00f1\u00edas de transporte, hoteler\u00eda, empresas de tecnolog\u00eda, instituciones educativas, firmas especializadas en Turismo de Segmentos y Eventos. Tambi\u00e9n estuvieron presentes organismos oficiales de Turismo, agencias de viajes y medios de comunicaci\u00f3n de diversos pa\u00edses.<\/p>\n\n\n\n<p>Participaron 50 pa\u00edses, todas las provincias argentinas y m\u00e1s de 1.700 expositores. Adem\u00e1s de mucha informaci\u00f3n, hubo espect\u00e1culos, degustaciones, shows en vivo, juegos y actividades para aprovechar el fin de semana.<\/p>\n","protected":false},"excerpt":{"rendered":"<p>La ciudad ocup\u00f3 un lugar central en una de las cinco ferias tur\u00edsticas m\u00e1s importantes del mundo. En diferentes formatos, el \u00e1rea de Turismo de la Municipalidad exhibi\u00f3 sus museos interactivos y su privilegiado acceso al r\u00edo Paran\u00e1, entre otros elementos de su valioso patrimonio. San Lorenzo exhibi\u00f3 sus atracciones tur\u00edsticas en la Feria Internacional [&hellip;]<\/p>\n","protected":false},"author":3,"featured_media":9990,"comment_status":"closed","ping_status":"open","sticky":false,"template":"","format":"standard","meta":{"tdm_status":"","tdm_grid_status":"","footnotes":""},"categories":[13],"tags":[765,1170,643,441],"class_list":{"0":"post-9989","1":"post","2":"type-post","3":"status-publish","4":"format-standard","5":"has-post-thumbnail","7":"category-region","8":"tag-buenos-aires","9":"tag-ciudad","10":"tag-san-loerenzo","11":"tag-turismo"},"_links":{"self":[{"href":"https:\/\/www.noticiasmas.com.ar\/index.php\/wp-json\/wp\/v2\/posts\/9989","targetHints":{"allow":["GET"]}}],"collection":[{"href":"https:\/\/www.noticiasmas.com.ar\/index.php\/wp-json\/wp\/v2\/posts"}],"about":[{"href":"https:\/\/www.noticiasmas.com.ar\/index.php\/wp-json\/wp\/v2\/types\/post"}],"author":[{"embeddable":true,"href":"https:\/\/www.noticiasmas.com.ar\/index.php\/wp-json\/wp\/v2\/users\/3"}],"replies":[{"embeddable":true,"href":"https:\/\/www.noticiasmas.com.ar\/index.php\/wp-json\/wp\/v2\/comments?post=9989"}],"version-history":[{"count":1,"href":"https:\/\/www.noticiasmas.com.ar\/index.php\/wp-json\/wp\/v2\/posts\/9989\/revisions"}],"predecessor-version":[{"id":9991,"href":"https:\/\/www.noticiasmas.com.ar\/index.php\/wp-json\/wp\/v2\/posts\/9989\/revisions\/9991"}],"wp:featuredmedia":[{"embeddable":true,"href":"https:\/\/www.noticiasmas.com.ar\/index.php\/wp-json\/wp\/v2\/media\/9990"}],"wp:attachment":[{"href":"https:\/\/www.noticiasmas.com.ar\/index.php\/wp-json\/wp\/v2\/media?parent=9989"}],"wp:term":[{"taxonomy":"category","embeddable":true,"href":"https:\/\/www.noticiasmas.com.ar\/index.php\/wp-json\/wp\/v2\/categories?post=9989"},{"taxonomy":"post_tag","embeddable":true,"href":"https:\/\/www.noticiasmas.com.ar\/index.php\/wp-json\/wp\/v2\/tags?post=9989"}],"curies":[{"name":"wp","href":"https:\/\/api.w.org\/{rel}","templated":true}]}}